{"id":1478,"date":"2011-06-07T15:08:03","date_gmt":"2011-06-07T13:08:03","guid":{"rendered":"http:\/\/www.3org.com\/news\/2011\/06\/commission-gouvernance-de-linformation\/"},"modified":"2011-06-07T15:08:03","modified_gmt":"2011-06-07T13:08:03","slug":"commission-gouvernance-de-linformation","status":"publish","type":"post","link":"https:\/\/3org.com\/site\/commission-gouvernance-de-linformation\/","title":{"rendered":"Une commission sur la Gouvernance de l&rsquo;Information"},"content":{"rendered":"<p>Il est difficile d&rsquo;appr\u00e9hender la <a title=\"D\u00e9finition de la gouvernance de l'information GouvInfo\" href=\"http:\/\/fr.wikipedia.org\/wiki\/Gouvernance_de_l%27information\" target=\"_blank\" rel=\"noopener\">gouvernance de l&rsquo;information (GouvInfo)<\/a>, les termes paraissent tellement vagues pour un sujet tellement pr\u00e9cis. Personnellement, je n&rsquo;ai pas encore trouv\u00e9 une explication en moins de 3 phrases.<\/p>\n<p>Peut \u00eatre, s\u00fbrement, faut il tout simplement contribuer encore et encore \u00e0 la d\u00e9finition de ce qu&rsquo;est la gouvernance de l&rsquo;information.<\/p>\n<p>Justement, la FEDISA est en train de mettre en place<a href=\"http:\/\/www.fedisa.eu\" target=\"_blank\" rel=\"noopener\"> une commission sur la Gouvernance de l&rsquo;Information<\/a>, ceci afin participer et d\u00e9grossir ce sujet important. Bien entendu je me suis d\u00e9p\u00each\u00e9 de m&rsquo;inscrire, et vous le pouvez aussi. C&rsquo;est ouvert \u00e0 toutes personnes : <span style=\"text-decoration: underline;\">experts ou non, surtout curieux, fournisseurs, \u00e9diteurs, soci\u00e9t\u00e9s et organisations utilisatrices sur tous les secteurs<\/span>. Le point commun est de souhaiter apporter un point de vue et de m\u00fbrir sur ce sujet qui reste tr\u00e8s nouveau pour tous.<\/p>\n<p style=\"text-align: center;\"><strong><a href=\"http:\/\/www.fedisa.eu\/fedisa2007\/info.php3?page=ARTICLES&amp;type_articles=COMMISSIONS\" target=\"_blank\" rel=\"noopener\">Inscrivez-vous vite<\/a>, la r\u00e9union de pr\u00e9-lancement se fait le 23 juin 2011.<\/strong><\/p>\n<p style=\"text-align: center;\"><strong>\u00a0<\/strong><\/p>\n<p>Dans la foul\u00e9e, pour vous donner un premier aper\u00e7u, des d\u00e9bats,\u00a0 et montrer que tout le monde est concern\u00e9, j&rsquo;ai essay\u00e9 de formaliser les domaines qui \u00e9taient impact\u00e9s directement par cette disciplines, voici ce que cela donne :<\/p>\n<p style=\"text-align: center;\"><img data-recalc-dims=\"1\" loading=\"lazy\" decoding=\"async\" class=\"aligncenter\" style=\"vertical-align: middle;\" src=\"https:\/\/i0.wp.com\/3org.com\/news\/wp-content\/uploads\/3org-Conseil-Domaines-dexpertise-b%C3%A9n%C3%A9ficiant-des-apports-de-GouvInfo.png?resize=601%2C459&#038;ssl=1\" alt=\"Domaines d'expertise b\u00e9n\u00e9ficiant des apports de la gouvernance de l'information\" width=\"601\" height=\"459\" \/><\/p>\n<p>Dans le contexte o\u00f9 une gouvernance de l&rsquo;information est en place sur un r\u00e9gime de croisi\u00e8re, chaque bulles peut (doit !) potentiellement recevoir des apports de la part de l&rsquo;instance de gouvernance.<\/p>\n<p>Les briques couvrent donc de nombreuses expertises, et c&rsquo;est tant mieux ! Car une bonne gouvernance doit s&rsquo;appliquer et contribuer \u00e0 l&rsquo;\u00e9volution d&rsquo;un p\u00e9rim\u00e8tre le plus large possible.<\/p>\n<p>Si notre gouvernement ne s&rsquo;occupait que des imp\u00f4ts et de la justice, nous serions en pleine r\u00e9volution ! Nous ne voulons pas faire cela pour nos entreprises, non ?<\/p>\n<p>&nbsp;<\/p>\n<p>Description des bulles :<\/p>\n<ul>\n<li><strong>Gestion des risques informationnels<\/strong> = la partie d\u00e9fensive de GouvInfo : La r\u00e9glementation, la s\u00e9curit\u00e9, &#8230;<\/li>\n<li>Usage par les logiciels = Tous les logiciels impact\u00e9s par GouvInfo, le Record Management, le Master Data Management, mais aussi les r\u00e9seaux sociaux, la gestion \u00e9lectronique de documents, &#8230;.<\/li>\n<li><strong>Connaissance et formalisation des fondamentaux<\/strong> = Les r\u00e8gles et documents permettant de structurer l&rsquo;usage de l&rsquo;information, la description des Objets M\u00e9tier Informationnels,<\/li>\n<li><strong>Gestion des r\u00e9f\u00e9rentiels et du cycle de vie de l&rsquo;information<\/strong> = Les listes d&rsquo;informations (r\u00e9f\u00e9rentiels d&rsquo;exigence, de donn\u00e9es personnels, de d&rsquo;information critiques, &#8230;)<\/li>\n<li><strong>Urbanisation et architecture de l&rsquo;information<\/strong> = L&rsquo;ensemble des technologies permettant de maitriser les donn\u00e9es, leurs stockages, leurs circulations, ..<\/li>\n<li><strong>Aspects organisationnels<\/strong> = Les processus, r\u00f4les, personnes, ainsi que politiques r\u00e9gulant une instance centrale ou r\u00e9partie de GouvInfo. Cette partie est une des plus importante,<\/li>\n<li><strong>\u00c9volution de la culture et des usages <\/strong>= Les projets de transformation d&rsquo;entreprise, de fusion\/acquisition impactant les usages et comportements d&rsquo;usages de tout ou partie de l&rsquo;organisation,<\/li>\n<li><strong>La veille<\/strong> = Les services couvrant des actions de recueil, d&rsquo;analyse, de valorisation de l&rsquo;information<\/li>\n<li><strong>Marketing et communicatio<\/strong>n = les projets et services de restitution et de valorisation de l&rsquo;information,<\/li>\n<\/ul>\n<p>&nbsp;<\/p>\n<p>Cette vue pourrait \u00eatre enrichie d&rsquo;une 3\u00e8me dimension afin de faire apparaitre le positionnement op\u00e9rationnelle de cette gouvernance de l&rsquo;information ainsi que son rattachement avec la gouvernance de l&rsquo;entreprise. Et hop, voil\u00e0 une autre ligne dans mon FIFO.<\/p>\n<p>Votre avis, conseil, ajustement\u00a0 ?<\/p>\n<p>&nbsp;<\/p>\n<p>&nbsp;<\/p>\n","protected":false},"excerpt":{"rendered":"<p>Il est difficile d&rsquo;appr\u00e9hender la gouvernance de l&rsquo;information (GouvInfo), les termes paraissent tellement vagues pour un sujet tellement pr\u00e9cis. Personnellement, je n&rsquo;ai pas encore trouv\u00e9 une explication en moins de 3 phrases. Peut \u00eatre, s\u00fbrement, faut il tout simplement contribuer encore et encore \u00e0 la d\u00e9finition de ce qu&rsquo;est la gouvernance de l&rsquo;information. Justement, la [&hellip;]<\/p>\n","protected":false},"author":4,"featured_media":212,"comment_status":"open","ping_status":"closed","sticky":false,"template":"","format":"standard","meta":{"_et_pb_use_builder":"","_et_pb_old_content":"","_et_gb_content_width":"","jetpack_post_was_ever_published":false,"_jetpack_newsletter_access":"","_jetpack_dont_email_post_to_subs":false,"_jetpack_newsletter_tier_id":0,"_jetpack_memberships_contains_paywalled_content":false,"_jetpack_memberships_contains_paid_content":false,"footnotes":""},"categories":[63,91],"tags":[202,203,70],"class_list":["post-1478","post","type-post","status-publish","format-standard","has-post-thumbnail","hentry","category-gouvernance_de_linformation","category-notweet","tag-bonne-gouvernance","tag-pour-vous-donner","tag-records-management"],"yoast_head":"<!-- This site is optimized with the Yoast SEO plugin v27.5 - https:\/\/yoast.com\/product\/yoast-seo-wordpress\/ -->\n<title>Une commission sur la Gouvernance de l&#039;Information<\/title>\n<meta name=\"robots\" content=\"index, follow, max-snippet:-1, max-image-preview:large, max-video-preview:-1\" \/>\n<link rel=\"canonical\" href=\"https:\/\/3org.com\/site\/commission-gouvernance-de-linformation\/\" \/>\n<meta property=\"og:locale\" content=\"fr_FR\" \/>\n<meta property=\"og:type\" content=\"article\" \/>\n<meta property=\"og:title\" content=\"Une commission sur la Gouvernance de l&#039;Information\" \/>\n<meta property=\"og:description\" content=\"Il est difficile d&rsquo;appr\u00e9hender la gouvernance de l&rsquo;information (GouvInfo), les termes paraissent tellement vagues pour un sujet tellement pr\u00e9cis. Personnellement, je n&rsquo;ai pas encore trouv\u00e9 une explication en moins de 3 phrases. Peut \u00eatre, s\u00fbrement, faut il tout simplement contribuer encore et encore \u00e0 la d\u00e9finition de ce qu&rsquo;est la gouvernance de l&rsquo;information. Justement, la [&hellip;]\" \/>\n<meta property=\"og:url\" content=\"https:\/\/3org.com\/site\/commission-gouvernance-de-linformation\/\" \/>\n<meta property=\"og:site_name\" content=\"3org - Mentorat en gouvernance de l&#039;information\" \/>\n<meta property=\"article:published_time\" content=\"2011-06-07T13:08:03+00:00\" \/>\n<meta property=\"og:image\" content=\"https:\/\/3org.com\/site\/wp-content\/uploads\/2010\/10\/commission-fedisa.jpg\" \/>\n\t<meta property=\"og:image:width\" content=\"150\" \/>\n\t<meta property=\"og:image:height\" content=\"150\" \/>\n\t<meta property=\"og:image:type\" content=\"image\/jpeg\" \/>\n<meta name=\"author\" content=\"Jean-Pascal Perrein\" \/>\n<meta name=\"twitter:card\" content=\"summary_large_image\" \/>\n<meta name=\"twitter:label1\" content=\"\u00c9crit par\" \/>\n\t<meta name=\"twitter:data1\" content=\"Jean-Pascal Perrein\" \/>\n\t<meta name=\"twitter:label2\" content=\"Dur\u00e9e de lecture estim\u00e9e\" \/>\n\t<meta name=\"twitter:data2\" content=\"3 minutes\" \/>\n<script type=\"application\/ld+json\" class=\"yoast-schema-graph\">{\"@context\":\"https:\\\/\\\/schema.org\",\"@graph\":[{\"@type\":\"Article\",\"@id\":\"https:\\\/\\\/3org.com\\\/site\\\/commission-gouvernance-de-linformation\\\/#article\",\"isPartOf\":{\"@id\":\"https:\\\/\\\/3org.com\\\/site\\\/commission-gouvernance-de-linformation\\\/\"},\"author\":{\"name\":\"Jean-Pascal Perrein\",\"@id\":\"https:\\\/\\\/3org.com\\\/site\\\/#\\\/schema\\\/person\\\/56d9592478497c0aa430d9f866b0d3df\"},\"headline\":\"Une commission sur la Gouvernance de l&rsquo;Information\",\"datePublished\":\"2011-06-07T13:08:03+00:00\",\"mainEntityOfPage\":{\"@id\":\"https:\\\/\\\/3org.com\\\/site\\\/commission-gouvernance-de-linformation\\\/\"},\"wordCount\":570,\"commentCount\":0,\"publisher\":{\"@id\":\"https:\\\/\\\/3org.com\\\/site\\\/#organization\"},\"image\":{\"@id\":\"https:\\\/\\\/3org.com\\\/site\\\/commission-gouvernance-de-linformation\\\/#primaryimage\"},\"thumbnailUrl\":\"https:\\\/\\\/i0.wp.com\\\/3org.com\\\/site\\\/wp-content\\\/uploads\\\/2010\\\/10\\\/commission-fedisa.jpg?fit=150%2C150&ssl=1\",\"keywords\":[\"bonne gouvernance\",\"pour vous donner\",\"Records Management (RM)\"],\"articleSection\":[\"Gouvernance de l'information\",\"NoTweet\"],\"inLanguage\":\"fr-FR\",\"potentialAction\":[{\"@type\":\"CommentAction\",\"name\":\"Comment\",\"target\":[\"https:\\\/\\\/3org.com\\\/site\\\/commission-gouvernance-de-linformation\\\/#respond\"]}]},{\"@type\":\"WebPage\",\"@id\":\"https:\\\/\\\/3org.com\\\/site\\\/commission-gouvernance-de-linformation\\\/\",\"url\":\"https:\\\/\\\/3org.com\\\/site\\\/commission-gouvernance-de-linformation\\\/\",\"name\":\"Une commission sur la Gouvernance de l'Information\",\"isPartOf\":{\"@id\":\"https:\\\/\\\/3org.com\\\/site\\\/#website\"},\"primaryImageOfPage\":{\"@id\":\"https:\\\/\\\/3org.com\\\/site\\\/commission-gouvernance-de-linformation\\\/#primaryimage\"},\"image\":{\"@id\":\"https:\\\/\\\/3org.com\\\/site\\\/commission-gouvernance-de-linformation\\\/#primaryimage\"},\"thumbnailUrl\":\"https:\\\/\\\/i0.wp.com\\\/3org.com\\\/site\\\/wp-content\\\/uploads\\\/2010\\\/10\\\/commission-fedisa.jpg?fit=150%2C150&ssl=1\",\"datePublished\":\"2011-06-07T13:08:03+00:00\",\"breadcrumb\":{\"@id\":\"https:\\\/\\\/3org.com\\\/site\\\/commission-gouvernance-de-linformation\\\/#breadcrumb\"},\"inLanguage\":\"fr-FR\",\"potentialAction\":[{\"@type\":\"ReadAction\",\"target\":[\"https:\\\/\\\/3org.com\\\/site\\\/commission-gouvernance-de-linformation\\\/\"]}]},{\"@type\":\"ImageObject\",\"inLanguage\":\"fr-FR\",\"@id\":\"https:\\\/\\\/3org.com\\\/site\\\/commission-gouvernance-de-linformation\\\/#primaryimage\",\"url\":\"https:\\\/\\\/i0.wp.com\\\/3org.com\\\/site\\\/wp-content\\\/uploads\\\/2010\\\/10\\\/commission-fedisa.jpg?fit=150%2C150&ssl=1\",\"contentUrl\":\"https:\\\/\\\/i0.wp.com\\\/3org.com\\\/site\\\/wp-content\\\/uploads\\\/2010\\\/10\\\/commission-fedisa.jpg?fit=150%2C150&ssl=1\",\"width\":150,\"height\":150},{\"@type\":\"BreadcrumbList\",\"@id\":\"https:\\\/\\\/3org.com\\\/site\\\/commission-gouvernance-de-linformation\\\/#breadcrumb\",\"itemListElement\":[{\"@type\":\"ListItem\",\"position\":1,\"name\":\"Accueil\",\"item\":\"https:\\\/\\\/3org.com\\\/site\\\/\"},{\"@type\":\"ListItem\",\"position\":2,\"name\":\"Une commission sur la Gouvernance de l&rsquo;Information\"}]},{\"@type\":\"WebSite\",\"@id\":\"https:\\\/\\\/3org.com\\\/site\\\/#website\",\"url\":\"https:\\\/\\\/3org.com\\\/site\\\/\",\"name\":\"3org - Mentorat en gouvernance de l&#039;information\",\"description\":\"3org Conseil et mentorat en gestion du flux Information et gouvernance de l&#039;information\",\"publisher\":{\"@id\":\"https:\\\/\\\/3org.com\\\/site\\\/#organization\"},\"potentialAction\":[{\"@type\":\"SearchAction\",\"target\":{\"@type\":\"EntryPoint\",\"urlTemplate\":\"https:\\\/\\\/3org.com\\\/site\\\/?s={search_term_string}\"},\"query-input\":{\"@type\":\"PropertyValueSpecification\",\"valueRequired\":true,\"valueName\":\"search_term_string\"}}],\"inLanguage\":\"fr-FR\"},{\"@type\":\"Organization\",\"@id\":\"https:\\\/\\\/3org.com\\\/site\\\/#organization\",\"name\":\"3org\",\"url\":\"https:\\\/\\\/3org.com\\\/site\\\/\",\"logo\":{\"@type\":\"ImageObject\",\"inLanguage\":\"fr-FR\",\"@id\":\"https:\\\/\\\/3org.com\\\/site\\\/#\\\/schema\\\/logo\\\/image\\\/\",\"url\":\"https:\\\/\\\/i0.wp.com\\\/3org.com\\\/site\\\/wp-content\\\/uploads\\\/2015\\\/04\\\/Logo-3org-HR-Trans.png?fit=1172%2C459&ssl=1\",\"contentUrl\":\"https:\\\/\\\/i0.wp.com\\\/3org.com\\\/site\\\/wp-content\\\/uploads\\\/2015\\\/04\\\/Logo-3org-HR-Trans.png?fit=1172%2C459&ssl=1\",\"width\":1172,\"height\":459,\"caption\":\"3org\"},\"image\":{\"@id\":\"https:\\\/\\\/3org.com\\\/site\\\/#\\\/schema\\\/logo\\\/image\\\/\"}},{\"@type\":\"Person\",\"@id\":\"https:\\\/\\\/3org.com\\\/site\\\/#\\\/schema\\\/person\\\/56d9592478497c0aa430d9f866b0d3df\",\"name\":\"Jean-Pascal Perrein\",\"sameAs\":[\"http:\\\/\\\/www.3org.com\"],\"url\":\"https:\\\/\\\/3org.com\\\/site\\\/author\\\/admin\\\/\"}]}<\/script>\n<!-- \/ Yoast SEO plugin. -->","yoast_head_json":{"title":"Une commission sur la Gouvernance de l'Information","robots":{"index":"index","follow":"follow","max-snippet":"max-snippet:-1","max-image-preview":"max-image-preview:large","max-video-preview":"max-video-preview:-1"},"canonical":"https:\/\/3org.com\/site\/commission-gouvernance-de-linformation\/","og_locale":"fr_FR","og_type":"article","og_title":"Une commission sur la Gouvernance de l'Information","og_description":"Il est difficile d&rsquo;appr\u00e9hender la gouvernance de l&rsquo;information (GouvInfo), les termes paraissent tellement vagues pour un sujet tellement pr\u00e9cis. Personnellement, je n&rsquo;ai pas encore trouv\u00e9 une explication en moins de 3 phrases. Peut \u00eatre, s\u00fbrement, faut il tout simplement contribuer encore et encore \u00e0 la d\u00e9finition de ce qu&rsquo;est la gouvernance de l&rsquo;information. Justement, la [&hellip;]","og_url":"https:\/\/3org.com\/site\/commission-gouvernance-de-linformation\/","og_site_name":"3org - Mentorat en gouvernance de l&#039;information","article_published_time":"2011-06-07T13:08:03+00:00","og_image":[{"width":150,"height":150,"url":"https:\/\/3org.com\/site\/wp-content\/uploads\/2010\/10\/commission-fedisa.jpg","type":"image\/jpeg"}],"author":"Jean-Pascal Perrein","twitter_card":"summary_large_image","twitter_misc":{"\u00c9crit par":"Jean-Pascal Perrein","Dur\u00e9e de lecture estim\u00e9e":"3 minutes"},"schema":{"@context":"https:\/\/schema.org","@graph":[{"@type":"Article","@id":"https:\/\/3org.com\/site\/commission-gouvernance-de-linformation\/#article","isPartOf":{"@id":"https:\/\/3org.com\/site\/commission-gouvernance-de-linformation\/"},"author":{"name":"Jean-Pascal Perrein","@id":"https:\/\/3org.com\/site\/#\/schema\/person\/56d9592478497c0aa430d9f866b0d3df"},"headline":"Une commission sur la Gouvernance de l&rsquo;Information","datePublished":"2011-06-07T13:08:03+00:00","mainEntityOfPage":{"@id":"https:\/\/3org.com\/site\/commission-gouvernance-de-linformation\/"},"wordCount":570,"commentCount":0,"publisher":{"@id":"https:\/\/3org.com\/site\/#organization"},"image":{"@id":"https:\/\/3org.com\/site\/commission-gouvernance-de-linformation\/#primaryimage"},"thumbnailUrl":"https:\/\/i0.wp.com\/3org.com\/site\/wp-content\/uploads\/2010\/10\/commission-fedisa.jpg?fit=150%2C150&ssl=1","keywords":["bonne gouvernance","pour vous donner","Records Management (RM)"],"articleSection":["Gouvernance de l'information","NoTweet"],"inLanguage":"fr-FR","potentialAction":[{"@type":"CommentAction","name":"Comment","target":["https:\/\/3org.com\/site\/commission-gouvernance-de-linformation\/#respond"]}]},{"@type":"WebPage","@id":"https:\/\/3org.com\/site\/commission-gouvernance-de-linformation\/","url":"https:\/\/3org.com\/site\/commission-gouvernance-de-linformation\/","name":"Une commission sur la Gouvernance de l'Information","isPartOf":{"@id":"https:\/\/3org.com\/site\/#website"},"primaryImageOfPage":{"@id":"https:\/\/3org.com\/site\/commission-gouvernance-de-linformation\/#primaryimage"},"image":{"@id":"https:\/\/3org.com\/site\/commission-gouvernance-de-linformation\/#primaryimage"},"thumbnailUrl":"https:\/\/i0.wp.com\/3org.com\/site\/wp-content\/uploads\/2010\/10\/commission-fedisa.jpg?fit=150%2C150&ssl=1","datePublished":"2011-06-07T13:08:03+00:00","breadcrumb":{"@id":"https:\/\/3org.com\/site\/commission-gouvernance-de-linformation\/#breadcrumb"},"inLanguage":"fr-FR","potentialAction":[{"@type":"ReadAction","target":["https:\/\/3org.com\/site\/commission-gouvernance-de-linformation\/"]}]},{"@type":"ImageObject","inLanguage":"fr-FR","@id":"https:\/\/3org.com\/site\/commission-gouvernance-de-linformation\/#primaryimage","url":"https:\/\/i0.wp.com\/3org.com\/site\/wp-content\/uploads\/2010\/10\/commission-fedisa.jpg?fit=150%2C150&ssl=1","contentUrl":"https:\/\/i0.wp.com\/3org.com\/site\/wp-content\/uploads\/2010\/10\/commission-fedisa.jpg?fit=150%2C150&ssl=1","width":150,"height":150},{"@type":"BreadcrumbList","@id":"https:\/\/3org.com\/site\/commission-gouvernance-de-linformation\/#breadcrumb","itemListElement":[{"@type":"ListItem","position":1,"name":"Accueil","item":"https:\/\/3org.com\/site\/"},{"@type":"ListItem","position":2,"name":"Une commission sur la Gouvernance de l&rsquo;Information"}]},{"@type":"WebSite","@id":"https:\/\/3org.com\/site\/#website","url":"https:\/\/3org.com\/site\/","name":"3org - Mentorat en gouvernance de l&#039;information","description":"3org Conseil et mentorat en gestion du flux Information et gouvernance de l&#039;information","publisher":{"@id":"https:\/\/3org.com\/site\/#organization"},"potentialAction":[{"@type":"SearchAction","target":{"@type":"EntryPoint","urlTemplate":"https:\/\/3org.com\/site\/?s={search_term_string}"},"query-input":{"@type":"PropertyValueSpecification","valueRequired":true,"valueName":"search_term_string"}}],"inLanguage":"fr-FR"},{"@type":"Organization","@id":"https:\/\/3org.com\/site\/#organization","name":"3org","url":"https:\/\/3org.com\/site\/","logo":{"@type":"ImageObject","inLanguage":"fr-FR","@id":"https:\/\/3org.com\/site\/#\/schema\/logo\/image\/","url":"https:\/\/i0.wp.com\/3org.com\/site\/wp-content\/uploads\/2015\/04\/Logo-3org-HR-Trans.png?fit=1172%2C459&ssl=1","contentUrl":"https:\/\/i0.wp.com\/3org.com\/site\/wp-content\/uploads\/2015\/04\/Logo-3org-HR-Trans.png?fit=1172%2C459&ssl=1","width":1172,"height":459,"caption":"3org"},"image":{"@id":"https:\/\/3org.com\/site\/#\/schema\/logo\/image\/"}},{"@type":"Person","@id":"https:\/\/3org.com\/site\/#\/schema\/person\/56d9592478497c0aa430d9f866b0d3df","name":"Jean-Pascal Perrein","sameAs":["http:\/\/www.3org.com"],"url":"https:\/\/3org.com\/site\/author\/admin\/"}]}},"jetpack_featured_media_url":"https:\/\/i0.wp.com\/3org.com\/site\/wp-content\/uploads\/2010\/10\/commission-fedisa.jpg?fit=150%2C150&ssl=1","jetpack_shortlink":"https:\/\/wp.me\/p3WHv2-nQ","jetpack_sharing_enabled":true,"_links":{"self":[{"href":"https:\/\/3org.com\/site\/wp-json\/wp\/v2\/posts\/1478","targetHints":{"allow":["GET"]}}],"collection":[{"href":"https:\/\/3org.com\/site\/wp-json\/wp\/v2\/posts"}],"about":[{"href":"https:\/\/3org.com\/site\/wp-json\/wp\/v2\/types\/post"}],"author":[{"embeddable":true,"href":"https:\/\/3org.com\/site\/wp-json\/wp\/v2\/users\/4"}],"replies":[{"embeddable":true,"href":"https:\/\/3org.com\/site\/wp-json\/wp\/v2\/comments?post=1478"}],"version-history":[{"count":0,"href":"https:\/\/3org.com\/site\/wp-json\/wp\/v2\/posts\/1478\/revisions"}],"wp:featuredmedia":[{"embeddable":true,"href":"https:\/\/3org.com\/site\/wp-json\/wp\/v2\/media\/212"}],"wp:attachment":[{"href":"https:\/\/3org.com\/site\/wp-json\/wp\/v2\/media?parent=1478"}],"wp:term":[{"taxonomy":"category","embeddable":true,"href":"https:\/\/3org.com\/site\/wp-json\/wp\/v2\/categories?post=1478"},{"taxonomy":"post_tag","embeddable":true,"href":"https:\/\/3org.com\/site\/wp-json\/wp\/v2\/tags?post=1478"}],"curies":[{"name":"wp","href":"https:\/\/api.w.org\/{rel}","templated":true}]}}