{"id":2593,"date":"2011-05-01T21:16:14","date_gmt":"2011-05-01T19:16:14","guid":{"rendered":"http:\/\/www.3org.com\/news\/?p=1356"},"modified":"2011-05-01T21:16:14","modified_gmt":"2011-05-01T19:16:14","slug":"bilan-du-blogue-point-de-vue-sur-linformation-et-sa-gouvernance-a-8-mois","status":"publish","type":"post","link":"https:\/\/3org.com\/site\/bilan-du-blogue-point-de-vue-sur-linformation-et-sa-gouvernance-a-8-mois\/","title":{"rendered":"Bilan du blogue : Point de vue sur l&rsquo;information et sa gouvernance \u00e0 8 mois"},"content":{"rendered":"<p>C&rsquo;est toujours int\u00e9ressant de savoir si le travail que l&rsquo;on r\u00e9alise sert \u00e0 quelque chose. Pour Point de vue sur l&rsquo;information, blogue assez sp\u00e9cialis\u00e9,\u00a0 quoi de plus significatif que d&rsquo;\u00e9valuer son rayonnement.<\/p>\n<p>Particuli\u00e8rement sur un sujet comme la gouvernance de l&rsquo;information, sujet complexe qui touche aussi bien au monde du contenu (Record Management, d\u00e9mat\u00e9rialisation, gestion \u00e9lectronique de document, &#8230;) qu&rsquo;au monde des donn\u00e9es (Master Data Management, outils de qualit\u00e9 de donn\u00e9es, &#8230;), ceci sur des aspects fonctionnels, organisationnels et culturels. Ouf !<\/p>\n<p>Du coup, je me suis dit qu&rsquo;il pouvait \u00eatre judicieux de faire une petite synth\u00e8se \u00e0 8 mois du travail r\u00e9alis\u00e9 et des r\u00e9sultats. 8 mois de boulot sur \u00ab <a href=\"..\/\">Point de vue sur l\u2019information <\/a>\u00bb et sur le sujet de la gouvernance de l&rsquo;information voil\u00e0 ce que cela donne :<\/p>\n<h5><em><strong>Moteur de recherche &#8211; Positionnement du Blogue sur la Gouvernance de l&rsquo;information :<\/strong><\/em><\/h5>\n<ul>\n<li>GOOGLE = <span style=\"text-decoration: underline;\"><strong>1er et 2nd<\/strong><\/span> (et 5\u00e8me avec guillemets)<\/li>\n<li>BING = <strong><span style=\"text-decoration: underline;\">4\u00e8me<\/span><\/strong><\/li>\n<li>YAHOO = <span style=\"text-decoration: underline;\"><strong>4\u00e8me<\/strong><\/span><\/li>\n<\/ul>\n<h5><em><strong>Sur WIKIO : <\/strong><\/em><\/h5>\n<table border=\"0\" width=\"100%\" cellspacing=\"0\" cellpadding=\"0\">\n<tbody>\n<tr class=\"bg\">\n<td class=\"td1\" valign=\"top\" width=\"30\">1<\/td>\n<td class=\"td2\"><a href=\"http:\/\/lafeuille.blog.lemonde.fr\/\" target=\"_blank\" rel=\"nofollow noopener\">La feuille<\/a><\/td>\n<\/tr>\n<tr class=\"bg\">\n<td class=\"td1\" valign=\"top\" width=\"30\">2<\/td>\n<td class=\"td2\"><a href=\"http:\/\/scinfolex.wordpress.com\" target=\"_blank\" rel=\"nofollow noopener\">:: S.I.Lex ::<\/a><\/td>\n<\/tr>\n<tr class=\"bg\">\n<td class=\"td1\" valign=\"top\" width=\"30\">3<\/td>\n<td class=\"td2\"><a href=\"http:\/\/affordance.typepad.com\/mon_weblog\/\" target=\"_blank\" rel=\"nofollow noopener\">affordance.info<\/a><\/td>\n<\/tr>\n<tr class=\"bg\">\n<td class=\"td1\" valign=\"top\" width=\"30\">4<\/td>\n<td class=\"td2\"><a href=\"http:\/\/www.bibliobsession.net\" target=\"_blank\" rel=\"nofollow noopener\">Bibliobsession 2.0<\/a><\/td>\n<\/tr>\n<tr class=\"bg\">\n<td class=\"td1\" valign=\"top\" width=\"30\">5<\/td>\n<td class=\"td2\"><a href=\"http:\/\/www.actulligence.com\" target=\"_blank\" rel=\"nofollow noopener\">Actulligence.com<\/a><\/td>\n<\/tr>\n<tr class=\"bg\">\n<td class=\"td1\" valign=\"top\" width=\"30\">6<\/td>\n<td class=\"td2\"><a href=\"http:\/\/www.les-infostrateges.com\" target=\"_blank\" rel=\"nofollow noopener\">Les Infostrat\u00e8ges<\/a><\/td>\n<\/tr>\n<tr class=\"bg\">\n<td class=\"td1\" valign=\"top\" width=\"30\">7<\/td>\n<td class=\"td2\"><a href=\"http:\/\/bibliomancienne.wordpress.com\" target=\"_blank\" rel=\"nofollow noopener\">Bibliomancienne<\/a><\/td>\n<\/tr>\n<tr class=\"bg\">\n<td class=\"td1\" valign=\"top\" width=\"30\">8<\/td>\n<td class=\"td2\"><a href=\"http:\/\/leo.hypotheses.org\/\" target=\"_blank\" rel=\"nofollow noopener\">L&rsquo;\u00e9dition \u00e9l\u00e9ctronique ouverte<\/a><\/td>\n<\/tr>\n<tr class=\"bg\">\n<td class=\"td1\" valign=\"top\" width=\"30\">9<\/td>\n<td class=\"td2\"><a href=\"http:\/\/labibapprivoisee.wordpress.com\/\" target=\"_blank\" rel=\"nofollow noopener\">La biblioth\u00e8que apprivois\u00e9e<\/a><\/td>\n<\/tr>\n<tr class=\"bg\">\n<td class=\"td1\" valign=\"top\" width=\"30\">10<\/td>\n<td class=\"td2\"><a href=\"http:\/\/blog.veronis.fr\/\" target=\"_blank\" rel=\"nofollow noopener\">Technologies du Langage<\/a><\/td>\n<\/tr>\n<tr class=\"bg\">\n<td class=\"td1\" valign=\"top\" width=\"30\">11<\/td>\n<td class=\"td2\"><a href=\"http:\/\/www.archicampus.net\/wordpress\" target=\"_blank\" rel=\"nofollow noopener\">teXtes<\/a><\/td>\n<\/tr>\n<tr class=\"bg\">\n<td class=\"td1\" valign=\"top\" width=\"30\">12<\/td>\n<td class=\"td2\"><a href=\"http:\/\/www.vagabondages.org\" target=\"_blank\" rel=\"nofollow noopener\">Vagabondages<\/a><\/td>\n<\/tr>\n<tr class=\"bg\">\n<td class=\"td1\" valign=\"top\" width=\"30\">13<\/td>\n<td class=\"td2\"><a href=\"http:\/\/www.leblogducommunicant2-0.com\" target=\"_blank\" rel=\"nofollow noopener\">Le blog du Communiquant 2.0<\/a><\/td>\n<\/tr>\n<tr class=\"bg\">\n<td class=\"td1\" valign=\"top\" width=\"30\">14<\/td>\n<td class=\"td2\"><a href=\"http:\/\/blog.bnf.fr\/gallica\" target=\"_blank\" rel=\"nofollow noopener\">gallica<\/a><\/td>\n<\/tr>\n<tr class=\"bg\">\n<td class=\"td1\" valign=\"top\" width=\"30\">15<\/td>\n<td class=\"td2\"><a href=\"http:\/\/ple-consulting.blogspot.com\" target=\"_blank\" rel=\"nofollow noopener\">Prospective Livre et Edition<\/a><\/td>\n<\/tr>\n<tr class=\"bg\">\n<td class=\"td1\" valign=\"top\" width=\"30\">16<\/td>\n<td class=\"td2\"><a href=\"http:\/\/bibliotheques.wordpress.com\" target=\"_blank\" rel=\"nofollow noopener\">Biblioth\u00e8ques [reloaded]<\/a><\/td>\n<\/tr>\n<tr class=\"bg\">\n<td class=\"td1\" valign=\"top\" width=\"30\">17<\/td>\n<td class=\"td2\"><a href=\"http:\/\/urfistinfo.hypotheses.org\/\" target=\"_blank\" rel=\"nofollow noopener\">Urfirstinfo<\/a><\/td>\n<\/tr>\n<tr class=\"bg\">\n<td class=\"td1\" valign=\"top\" width=\"30\">18<\/td>\n<td class=\"td2\"><a href=\"http:\/\/www.guidedesegares.info\" target=\"_blank\" rel=\"nofollow noopener\">Le guide des \u00e9gar\u00e9s.<\/a><\/td>\n<\/tr>\n<tr class=\"bg\">\n<td class=\"td1\" valign=\"top\" width=\"30\">19<\/td>\n<td class=\"td2\"><a href=\"http:\/\/pintiniblog.wordpress.com\" target=\"_blank\" rel=\"nofollow noopener\">pintiniblog<\/a><\/td>\n<\/tr>\n<tr class=\"bg\">\n<td class=\"td1\" valign=\"top\" width=\"30\"><strong><span style=\"text-decoration: underline;\">20<\/span><\/strong><\/td>\n<td class=\"td2\"><a href=\"https:\/\/3org.com\/news\" target=\"_blank\" rel=\"nofollow noopener\">Points de vue sur l&rsquo;information (r\u00e9f\u00e9renc\u00e9 depuis 2 mois)<br \/>\n<\/a><\/td>\n<\/tr>\n<\/tbody>\n<\/table>\n<p><em><a title=\"Classement r\u00e9alis\u00e9 par Wikio\" href=\"http:\/\/www.wikio.fr\" target=\"_blank\" rel=\"noopener\">Classement r\u00e9alis\u00e9 par Wikio<\/a><\/em><\/p>\n<h5><em><strong>Indicateurs de visites (01\/04\/2011) : <\/strong><\/em><\/h5>\n<ul>\n<li><strong><span style=\"text-decoration: underline;\">6 674<\/span><\/strong> visites,<\/li>\n<li><strong><span style=\"text-decoration: underline;\">16 606<\/span><\/strong> pages vues,<\/li>\n<li>Moyenne de presque <strong><span style=\"text-decoration: underline;\">4 minutes <\/span><\/strong>pass\u00e9es sur le site,<\/li>\n<li><span style=\"text-decoration: underline;\"><strong>41%<\/strong><\/span> de visiteurs r\u00e9currents,<\/li>\n<li><span style=\"text-decoration: underline;\"><strong>2,5<\/strong><\/span> pages lues par visites<\/li>\n<\/ul>\n<h5><em><strong>C&rsquo;est aussi<\/strong><\/em> :<\/h5>\n<ul>\n<li>49 articles r\u00e9dig\u00e9s,<\/li>\n<li>Plus de 65 000 mots,<\/li>\n<li>90 synoptiques et images explicatives,<\/li>\n<li>Un peu plus de commentaires sur autres articles,<\/li>\n<li>3 000 Tweets,<\/li>\n<li>&#8230;<\/li>\n<\/ul>\n<h5><em><strong>C&rsquo;est surtout<\/strong><\/em> :<\/h5>\n<p>Un tr\u00e8s grand investissement personnel, de grosses batailles avec les fautes \u00ab\u00a0d&rsquo;ortografe\u00a0\u00bb mais surtout un immense plaisir que de pouvoir partager sur un sujet qui me passionne. Et bien s\u00fbr la chance de pouvoir offrir un gigantesque\u00a0 merci \u00e0 tous ceux et celles qui me supportent, dans tous les sens du mot ;-)<\/p>\n<p>&nbsp;<\/p>\n<p>&nbsp;<\/p>\n","protected":false},"excerpt":{"rendered":"<p>C&rsquo;est toujours int\u00e9ressant de savoir si le travail que l&rsquo;on r\u00e9alise sert \u00e0 quelque chose. Pour Point de vue sur l&rsquo;information, blogue assez sp\u00e9cialis\u00e9,\u00a0 quoi de plus significatif que d&rsquo;\u00e9valuer son rayonnement. Particuli\u00e8rement sur un sujet comme la gouvernance de l&rsquo;information, sujet complexe qui touche aussi bien au monde du contenu (Record Management, d\u00e9mat\u00e9rialisation, gestion [&hellip;]<\/p>\n","protected":false},"author":4,"featured_media":1139,"comment_status":"open","ping_status":"closed","sticky":false,"template":"","format":"standard","meta":{"_et_pb_use_builder":"","_et_pb_old_content":"","_et_gb_content_width":"","jetpack_post_was_ever_published":false,"_jetpack_newsletter_access":"","_jetpack_dont_email_post_to_subs":false,"_jetpack_newsletter_tier_id":0,"_jetpack_memberships_contains_paywalled_content":false,"_jetpack_memberships_contains_paid_content":false,"footnotes":""},"categories":[63,91],"tags":[144,145,155,183,70,184],"class_list":["post-2593","post","type-post","status-publish","format-standard","has-post-thumbnail","hentry","category-gouvernance_de_linformation","category-notweet","tag-data-management","tag-gestion-electronique-de-document","tag-moteur-de-recherche","tag-pour-point","tag-records-management","tag-site-41"],"yoast_head":"<!-- This site is optimized with the Yoast SEO plugin v27.5 - https:\/\/yoast.com\/product\/yoast-seo-wordpress\/ -->\n<title>Bilan du blogue : Point de vue sur l&#039;information<\/title>\n<meta name=\"robots\" content=\"index, follow, max-snippet:-1, max-image-preview:large, max-video-preview:-1\" \/>\n<link rel=\"canonical\" href=\"https:\/\/3org.com\/site\/bilan-du-blogue-point-de-vue-sur-linformation-et-sa-gouvernance-a-8-mois\/\" \/>\n<meta property=\"og:locale\" content=\"fr_FR\" \/>\n<meta property=\"og:type\" content=\"article\" \/>\n<meta property=\"og:title\" content=\"Bilan du blogue : Point de vue sur l&#039;information\" \/>\n<meta property=\"og:description\" content=\"C&rsquo;est toujours int\u00e9ressant de savoir si le travail que l&rsquo;on r\u00e9alise sert \u00e0 quelque chose. Pour Point de vue sur l&rsquo;information, blogue assez sp\u00e9cialis\u00e9,\u00a0 quoi de plus significatif que d&rsquo;\u00e9valuer son rayonnement. Particuli\u00e8rement sur un sujet comme la gouvernance de l&rsquo;information, sujet complexe qui touche aussi bien au monde du contenu (Record Management, d\u00e9mat\u00e9rialisation, gestion [&hellip;]\" \/>\n<meta property=\"og:url\" content=\"https:\/\/3org.com\/site\/bilan-du-blogue-point-de-vue-sur-linformation-et-sa-gouvernance-a-8-mois\/\" \/>\n<meta property=\"og:site_name\" content=\"3org - Mentorat en gouvernance de l&#039;information\" \/>\n<meta property=\"article:published_time\" content=\"2011-05-01T19:16:14+00:00\" \/>\n<meta property=\"og:image\" content=\"https:\/\/3org.com\/site\/wp-content\/uploads\/2011\/02\/evolution-gouvernance-de-linformation-26-02-2011.jpg\" \/>\n\t<meta property=\"og:image:width\" content=\"927\" \/>\n\t<meta property=\"og:image:height\" content=\"543\" \/>\n\t<meta property=\"og:image:type\" content=\"image\/jpeg\" \/>\n<meta name=\"author\" content=\"Jean-Pascal Perrein\" \/>\n<meta name=\"twitter:card\" content=\"summary_large_image\" \/>\n<meta name=\"twitter:label1\" content=\"\u00c9crit par\" \/>\n\t<meta name=\"twitter:data1\" content=\"Jean-Pascal Perrein\" \/>\n\t<meta name=\"twitter:label2\" content=\"Dur\u00e9e de lecture estim\u00e9e\" \/>\n\t<meta name=\"twitter:data2\" content=\"2 minutes\" \/>\n<script type=\"application\/ld+json\" class=\"yoast-schema-graph\">{\"@context\":\"https:\\\/\\\/schema.org\",\"@graph\":[{\"@type\":\"Article\",\"@id\":\"https:\\\/\\\/3org.com\\\/site\\\/bilan-du-blogue-point-de-vue-sur-linformation-et-sa-gouvernance-a-8-mois\\\/#article\",\"isPartOf\":{\"@id\":\"https:\\\/\\\/3org.com\\\/site\\\/bilan-du-blogue-point-de-vue-sur-linformation-et-sa-gouvernance-a-8-mois\\\/\"},\"author\":{\"name\":\"Jean-Pascal Perrein\",\"@id\":\"https:\\\/\\\/3org.com\\\/site\\\/#\\\/schema\\\/person\\\/56d9592478497c0aa430d9f866b0d3df\"},\"headline\":\"Bilan du blogue : Point de vue sur l&rsquo;information et sa gouvernance \u00e0 8 mois\",\"datePublished\":\"2011-05-01T19:16:14+00:00\",\"mainEntityOfPage\":{\"@id\":\"https:\\\/\\\/3org.com\\\/site\\\/bilan-du-blogue-point-de-vue-sur-linformation-et-sa-gouvernance-a-8-mois\\\/\"},\"wordCount\":353,\"commentCount\":2,\"publisher\":{\"@id\":\"https:\\\/\\\/3org.com\\\/site\\\/#organization\"},\"image\":{\"@id\":\"https:\\\/\\\/3org.com\\\/site\\\/bilan-du-blogue-point-de-vue-sur-linformation-et-sa-gouvernance-a-8-mois\\\/#primaryimage\"},\"thumbnailUrl\":\"https:\\\/\\\/i0.wp.com\\\/3org.com\\\/site\\\/wp-content\\\/uploads\\\/2011\\\/02\\\/evolution-gouvernance-de-linformation-26-02-2011.jpg?fit=927%2C543&ssl=1\",\"keywords\":[\"data management\",\"gestion \u00e9lectronique de document\",\"moteur de recherche\",\"pour point\",\"Records Management (RM)\",\"site 41\"],\"articleSection\":[\"Gouvernance de l'information\",\"NoTweet\"],\"inLanguage\":\"fr-FR\",\"potentialAction\":[{\"@type\":\"CommentAction\",\"name\":\"Comment\",\"target\":[\"https:\\\/\\\/3org.com\\\/site\\\/bilan-du-blogue-point-de-vue-sur-linformation-et-sa-gouvernance-a-8-mois\\\/#respond\"]}]},{\"@type\":\"WebPage\",\"@id\":\"https:\\\/\\\/3org.com\\\/site\\\/bilan-du-blogue-point-de-vue-sur-linformation-et-sa-gouvernance-a-8-mois\\\/\",\"url\":\"https:\\\/\\\/3org.com\\\/site\\\/bilan-du-blogue-point-de-vue-sur-linformation-et-sa-gouvernance-a-8-mois\\\/\",\"name\":\"Bilan du blogue : Point de vue sur l'information\",\"isPartOf\":{\"@id\":\"https:\\\/\\\/3org.com\\\/site\\\/#website\"},\"primaryImageOfPage\":{\"@id\":\"https:\\\/\\\/3org.com\\\/site\\\/bilan-du-blogue-point-de-vue-sur-linformation-et-sa-gouvernance-a-8-mois\\\/#primaryimage\"},\"image\":{\"@id\":\"https:\\\/\\\/3org.com\\\/site\\\/bilan-du-blogue-point-de-vue-sur-linformation-et-sa-gouvernance-a-8-mois\\\/#primaryimage\"},\"thumbnailUrl\":\"https:\\\/\\\/i0.wp.com\\\/3org.com\\\/site\\\/wp-content\\\/uploads\\\/2011\\\/02\\\/evolution-gouvernance-de-linformation-26-02-2011.jpg?fit=927%2C543&ssl=1\",\"datePublished\":\"2011-05-01T19:16:14+00:00\",\"breadcrumb\":{\"@id\":\"https:\\\/\\\/3org.com\\\/site\\\/bilan-du-blogue-point-de-vue-sur-linformation-et-sa-gouvernance-a-8-mois\\\/#breadcrumb\"},\"inLanguage\":\"fr-FR\",\"potentialAction\":[{\"@type\":\"ReadAction\",\"target\":[\"https:\\\/\\\/3org.com\\\/site\\\/bilan-du-blogue-point-de-vue-sur-linformation-et-sa-gouvernance-a-8-mois\\\/\"]}]},{\"@type\":\"ImageObject\",\"inLanguage\":\"fr-FR\",\"@id\":\"https:\\\/\\\/3org.com\\\/site\\\/bilan-du-blogue-point-de-vue-sur-linformation-et-sa-gouvernance-a-8-mois\\\/#primaryimage\",\"url\":\"https:\\\/\\\/i0.wp.com\\\/3org.com\\\/site\\\/wp-content\\\/uploads\\\/2011\\\/02\\\/evolution-gouvernance-de-linformation-26-02-2011.jpg?fit=927%2C543&ssl=1\",\"contentUrl\":\"https:\\\/\\\/i0.wp.com\\\/3org.com\\\/site\\\/wp-content\\\/uploads\\\/2011\\\/02\\\/evolution-gouvernance-de-linformation-26-02-2011.jpg?fit=927%2C543&ssl=1\",\"width\":927,\"height\":543},{\"@type\":\"BreadcrumbList\",\"@id\":\"https:\\\/\\\/3org.com\\\/site\\\/bilan-du-blogue-point-de-vue-sur-linformation-et-sa-gouvernance-a-8-mois\\\/#breadcrumb\",\"itemListElement\":[{\"@type\":\"ListItem\",\"position\":1,\"name\":\"Accueil\",\"item\":\"https:\\\/\\\/3org.com\\\/site\\\/\"},{\"@type\":\"ListItem\",\"position\":2,\"name\":\"Bilan du blogue : Point de vue sur l&rsquo;information et sa gouvernance \u00e0 8 mois\"}]},{\"@type\":\"WebSite\",\"@id\":\"https:\\\/\\\/3org.com\\\/site\\\/#website\",\"url\":\"https:\\\/\\\/3org.com\\\/site\\\/\",\"name\":\"3org - Mentorat en gouvernance de l&#039;information\",\"description\":\"3org Conseil et mentorat en gestion du flux Information et gouvernance de l&#039;information\",\"publisher\":{\"@id\":\"https:\\\/\\\/3org.com\\\/site\\\/#organization\"},\"potentialAction\":[{\"@type\":\"SearchAction\",\"target\":{\"@type\":\"EntryPoint\",\"urlTemplate\":\"https:\\\/\\\/3org.com\\\/site\\\/?s={search_term_string}\"},\"query-input\":{\"@type\":\"PropertyValueSpecification\",\"valueRequired\":true,\"valueName\":\"search_term_string\"}}],\"inLanguage\":\"fr-FR\"},{\"@type\":\"Organization\",\"@id\":\"https:\\\/\\\/3org.com\\\/site\\\/#organization\",\"name\":\"3org\",\"url\":\"https:\\\/\\\/3org.com\\\/site\\\/\",\"logo\":{\"@type\":\"ImageObject\",\"inLanguage\":\"fr-FR\",\"@id\":\"https:\\\/\\\/3org.com\\\/site\\\/#\\\/schema\\\/logo\\\/image\\\/\",\"url\":\"https:\\\/\\\/i0.wp.com\\\/3org.com\\\/site\\\/wp-content\\\/uploads\\\/2015\\\/04\\\/Logo-3org-HR-Trans.png?fit=1172%2C459&ssl=1\",\"contentUrl\":\"https:\\\/\\\/i0.wp.com\\\/3org.com\\\/site\\\/wp-content\\\/uploads\\\/2015\\\/04\\\/Logo-3org-HR-Trans.png?fit=1172%2C459&ssl=1\",\"width\":1172,\"height\":459,\"caption\":\"3org\"},\"image\":{\"@id\":\"https:\\\/\\\/3org.com\\\/site\\\/#\\\/schema\\\/logo\\\/image\\\/\"}},{\"@type\":\"Person\",\"@id\":\"https:\\\/\\\/3org.com\\\/site\\\/#\\\/schema\\\/person\\\/56d9592478497c0aa430d9f866b0d3df\",\"name\":\"Jean-Pascal Perrein\",\"sameAs\":[\"http:\\\/\\\/www.3org.com\"],\"url\":\"https:\\\/\\\/3org.com\\\/site\\\/author\\\/admin\\\/\"}]}<\/script>\n<!-- \/ Yoast SEO plugin. -->","yoast_head_json":{"title":"Bilan du blogue : Point de vue sur l'information","robots":{"index":"index","follow":"follow","max-snippet":"max-snippet:-1","max-image-preview":"max-image-preview:large","max-video-preview":"max-video-preview:-1"},"canonical":"https:\/\/3org.com\/site\/bilan-du-blogue-point-de-vue-sur-linformation-et-sa-gouvernance-a-8-mois\/","og_locale":"fr_FR","og_type":"article","og_title":"Bilan du blogue : Point de vue sur l'information","og_description":"C&rsquo;est toujours int\u00e9ressant de savoir si le travail que l&rsquo;on r\u00e9alise sert \u00e0 quelque chose. Pour Point de vue sur l&rsquo;information, blogue assez sp\u00e9cialis\u00e9,\u00a0 quoi de plus significatif que d&rsquo;\u00e9valuer son rayonnement. Particuli\u00e8rement sur un sujet comme la gouvernance de l&rsquo;information, sujet complexe qui touche aussi bien au monde du contenu (Record Management, d\u00e9mat\u00e9rialisation, gestion [&hellip;]","og_url":"https:\/\/3org.com\/site\/bilan-du-blogue-point-de-vue-sur-linformation-et-sa-gouvernance-a-8-mois\/","og_site_name":"3org - Mentorat en gouvernance de l&#039;information","article_published_time":"2011-05-01T19:16:14+00:00","og_image":[{"width":927,"height":543,"url":"https:\/\/3org.com\/site\/wp-content\/uploads\/2011\/02\/evolution-gouvernance-de-linformation-26-02-2011.jpg","type":"image\/jpeg"}],"author":"Jean-Pascal Perrein","twitter_card":"summary_large_image","twitter_misc":{"\u00c9crit par":"Jean-Pascal Perrein","Dur\u00e9e de lecture estim\u00e9e":"2 minutes"},"schema":{"@context":"https:\/\/schema.org","@graph":[{"@type":"Article","@id":"https:\/\/3org.com\/site\/bilan-du-blogue-point-de-vue-sur-linformation-et-sa-gouvernance-a-8-mois\/#article","isPartOf":{"@id":"https:\/\/3org.com\/site\/bilan-du-blogue-point-de-vue-sur-linformation-et-sa-gouvernance-a-8-mois\/"},"author":{"name":"Jean-Pascal Perrein","@id":"https:\/\/3org.com\/site\/#\/schema\/person\/56d9592478497c0aa430d9f866b0d3df"},"headline":"Bilan du blogue : Point de vue sur l&rsquo;information et sa gouvernance \u00e0 8 mois","datePublished":"2011-05-01T19:16:14+00:00","mainEntityOfPage":{"@id":"https:\/\/3org.com\/site\/bilan-du-blogue-point-de-vue-sur-linformation-et-sa-gouvernance-a-8-mois\/"},"wordCount":353,"commentCount":2,"publisher":{"@id":"https:\/\/3org.com\/site\/#organization"},"image":{"@id":"https:\/\/3org.com\/site\/bilan-du-blogue-point-de-vue-sur-linformation-et-sa-gouvernance-a-8-mois\/#primaryimage"},"thumbnailUrl":"https:\/\/i0.wp.com\/3org.com\/site\/wp-content\/uploads\/2011\/02\/evolution-gouvernance-de-linformation-26-02-2011.jpg?fit=927%2C543&ssl=1","keywords":["data management","gestion \u00e9lectronique de document","moteur de recherche","pour point","Records Management (RM)","site 41"],"articleSection":["Gouvernance de l'information","NoTweet"],"inLanguage":"fr-FR","potentialAction":[{"@type":"CommentAction","name":"Comment","target":["https:\/\/3org.com\/site\/bilan-du-blogue-point-de-vue-sur-linformation-et-sa-gouvernance-a-8-mois\/#respond"]}]},{"@type":"WebPage","@id":"https:\/\/3org.com\/site\/bilan-du-blogue-point-de-vue-sur-linformation-et-sa-gouvernance-a-8-mois\/","url":"https:\/\/3org.com\/site\/bilan-du-blogue-point-de-vue-sur-linformation-et-sa-gouvernance-a-8-mois\/","name":"Bilan du blogue : Point de vue sur l'information","isPartOf":{"@id":"https:\/\/3org.com\/site\/#website"},"primaryImageOfPage":{"@id":"https:\/\/3org.com\/site\/bilan-du-blogue-point-de-vue-sur-linformation-et-sa-gouvernance-a-8-mois\/#primaryimage"},"image":{"@id":"https:\/\/3org.com\/site\/bilan-du-blogue-point-de-vue-sur-linformation-et-sa-gouvernance-a-8-mois\/#primaryimage"},"thumbnailUrl":"https:\/\/i0.wp.com\/3org.com\/site\/wp-content\/uploads\/2011\/02\/evolution-gouvernance-de-linformation-26-02-2011.jpg?fit=927%2C543&ssl=1","datePublished":"2011-05-01T19:16:14+00:00","breadcrumb":{"@id":"https:\/\/3org.com\/site\/bilan-du-blogue-point-de-vue-sur-linformation-et-sa-gouvernance-a-8-mois\/#breadcrumb"},"inLanguage":"fr-FR","potentialAction":[{"@type":"ReadAction","target":["https:\/\/3org.com\/site\/bilan-du-blogue-point-de-vue-sur-linformation-et-sa-gouvernance-a-8-mois\/"]}]},{"@type":"ImageObject","inLanguage":"fr-FR","@id":"https:\/\/3org.com\/site\/bilan-du-blogue-point-de-vue-sur-linformation-et-sa-gouvernance-a-8-mois\/#primaryimage","url":"https:\/\/i0.wp.com\/3org.com\/site\/wp-content\/uploads\/2011\/02\/evolution-gouvernance-de-linformation-26-02-2011.jpg?fit=927%2C543&ssl=1","contentUrl":"https:\/\/i0.wp.com\/3org.com\/site\/wp-content\/uploads\/2011\/02\/evolution-gouvernance-de-linformation-26-02-2011.jpg?fit=927%2C543&ssl=1","width":927,"height":543},{"@type":"BreadcrumbList","@id":"https:\/\/3org.com\/site\/bilan-du-blogue-point-de-vue-sur-linformation-et-sa-gouvernance-a-8-mois\/#breadcrumb","itemListElement":[{"@type":"ListItem","position":1,"name":"Accueil","item":"https:\/\/3org.com\/site\/"},{"@type":"ListItem","position":2,"name":"Bilan du blogue : Point de vue sur l&rsquo;information et sa gouvernance \u00e0 8 mois"}]},{"@type":"WebSite","@id":"https:\/\/3org.com\/site\/#website","url":"https:\/\/3org.com\/site\/","name":"3org - Mentorat en gouvernance de l&#039;information","description":"3org Conseil et mentorat en gestion du flux Information et gouvernance de l&#039;information","publisher":{"@id":"https:\/\/3org.com\/site\/#organization"},"potentialAction":[{"@type":"SearchAction","target":{"@type":"EntryPoint","urlTemplate":"https:\/\/3org.com\/site\/?s={search_term_string}"},"query-input":{"@type":"PropertyValueSpecification","valueRequired":true,"valueName":"search_term_string"}}],"inLanguage":"fr-FR"},{"@type":"Organization","@id":"https:\/\/3org.com\/site\/#organization","name":"3org","url":"https:\/\/3org.com\/site\/","logo":{"@type":"ImageObject","inLanguage":"fr-FR","@id":"https:\/\/3org.com\/site\/#\/schema\/logo\/image\/","url":"https:\/\/i0.wp.com\/3org.com\/site\/wp-content\/uploads\/2015\/04\/Logo-3org-HR-Trans.png?fit=1172%2C459&ssl=1","contentUrl":"https:\/\/i0.wp.com\/3org.com\/site\/wp-content\/uploads\/2015\/04\/Logo-3org-HR-Trans.png?fit=1172%2C459&ssl=1","width":1172,"height":459,"caption":"3org"},"image":{"@id":"https:\/\/3org.com\/site\/#\/schema\/logo\/image\/"}},{"@type":"Person","@id":"https:\/\/3org.com\/site\/#\/schema\/person\/56d9592478497c0aa430d9f866b0d3df","name":"Jean-Pascal Perrein","sameAs":["http:\/\/www.3org.com"],"url":"https:\/\/3org.com\/site\/author\/admin\/"}]}},"jetpack_featured_media_url":"https:\/\/i0.wp.com\/3org.com\/site\/wp-content\/uploads\/2011\/02\/evolution-gouvernance-de-linformation-26-02-2011.jpg?fit=927%2C543&ssl=1","jetpack_shortlink":"https:\/\/wp.me\/p3WHv2-FP","jetpack_sharing_enabled":true,"_links":{"self":[{"href":"https:\/\/3org.com\/site\/wp-json\/wp\/v2\/posts\/2593","targetHints":{"allow":["GET"]}}],"collection":[{"href":"https:\/\/3org.com\/site\/wp-json\/wp\/v2\/posts"}],"about":[{"href":"https:\/\/3org.com\/site\/wp-json\/wp\/v2\/types\/post"}],"author":[{"embeddable":true,"href":"https:\/\/3org.com\/site\/wp-json\/wp\/v2\/users\/4"}],"replies":[{"embeddable":true,"href":"https:\/\/3org.com\/site\/wp-json\/wp\/v2\/comments?post=2593"}],"version-history":[{"count":0,"href":"https:\/\/3org.com\/site\/wp-json\/wp\/v2\/posts\/2593\/revisions"}],"wp:featuredmedia":[{"embeddable":true,"href":"https:\/\/3org.com\/site\/wp-json\/wp\/v2\/media\/1139"}],"wp:attachment":[{"href":"https:\/\/3org.com\/site\/wp-json\/wp\/v2\/media?parent=2593"}],"wp:term":[{"taxonomy":"category","embeddable":true,"href":"https:\/\/3org.com\/site\/wp-json\/wp\/v2\/categories?post=2593"},{"taxonomy":"post_tag","embeddable":true,"href":"https:\/\/3org.com\/site\/wp-json\/wp\/v2\/tags?post=2593"}],"curies":[{"name":"wp","href":"https:\/\/api.w.org\/{rel}","templated":true}]}}