{"id":2595,"date":"2011-05-27T11:53:44","date_gmt":"2011-05-27T09:53:44","guid":{"rendered":"http:\/\/www.3org.com\/news\/?p=1420"},"modified":"2011-05-27T11:53:44","modified_gmt":"2011-05-27T09:53:44","slug":"penser-grand-se-mesure-en-jours-ne-pas-le-faire-se-mesure-en-douleurs","status":"publish","type":"post","link":"https:\/\/3org.com\/site\/penser-grand-se-mesure-en-jours-ne-pas-le-faire-se-mesure-en-douleurs\/","title":{"rendered":"Penser grand se mesure en jours, ne pas le faire se mesure en douleurs"},"content":{"rendered":"<p>Lorsqu&rsquo;il s&rsquo;agit de projets \u00e0 fort usage d&rsquo;informations (structur\u00e9es ou non), c&rsquo;est effectivement tr\u00e8s vrai. Notamment d\u00fb \u00e0 des contraintes financi\u00e8res, ou de difficult\u00e9s \u00e0 appr\u00e9hender le contexte global de l&rsquo;entreprise, les \u00e9tapes amonts du projet (le \u00ab\u00a0penser grand\u00a0\u00bb) sont amoindries voir tout simplement oubli\u00e9es. C&rsquo;est un des risque majeur de complexification futur dudit projet.<\/p>\n<p>Cette ouverture de pl\u00e9ni\u00e8re du Forum IBM sur la gouvernance de l&rsquo;information pr\u00e9sente aussi l&rsquo;offre de services riches, amenant la responsabilisation de l&rsquo;utilisateur et sa relation d&rsquo;adulte \u00e0 adulte avec les fournisseurs de services comme la DSI.<\/p>\n<p style=\"text-align: center;\"><em><strong>InfoGouvParis 2011 &#8211; Episode #1 &#8211; Jean Pascal Perrein &#8211; 3org Conseil <\/strong><\/em><\/p>\n<p>https:\/\/fr.slideshare.net\/jpperrein\/base-et-vivier-3org-conseil-patch-work-gouvernance-de-linformation-v20-pub<\/p>\n","protected":false},"excerpt":{"rendered":"<p>Lorsqu&rsquo;il s&rsquo;agit de projets \u00e0 fort usage d&rsquo;informations (structur\u00e9es ou non), c&rsquo;est effectivement tr\u00e8s vrai. Notamment d\u00fb \u00e0 des contraintes financi\u00e8res, ou de difficult\u00e9s \u00e0 appr\u00e9hender le contexte global de l&rsquo;entreprise, les \u00e9tapes amonts du projet (le \u00ab\u00a0penser grand\u00a0\u00bb) sont amoindries voir tout simplement oubli\u00e9es. C&rsquo;est un des risque majeur de complexification futur dudit projet. [&hellip;]<\/p>\n","protected":false},"author":4,"featured_media":1422,"comment_status":"open","ping_status":"closed","sticky":false,"template":"","format":"standard","meta":{"_et_pb_use_builder":"","_et_pb_old_content":"","_et_gb_content_width":"","jetpack_post_was_ever_published":false,"_jetpack_newsletter_access":"","_jetpack_dont_email_post_to_subs":false,"_jetpack_newsletter_tier_id":0,"_jetpack_memberships_contains_paywalled_content":false,"_jetpack_memberships_contains_paid_content":false,"footnotes":""},"categories":[63],"tags":[53,78,189,110,62,64,190,129,95,113,132,170],"class_list":["post-2595","post","type-post","status-publish","format-standard","has-post-thumbnail","hentry","category-gouvernance_de_linformation","tag-agilite","tag-complexite","tag-episode-1","tag-fondamentaux","tag-gestion-du-risque","tag-gouvernance-de-linformation","tag-http-www-youtube","tag-information-metier","tag-jean-pascal","tag-mapping","tag-offre-de-services","tag-reduction-des-couts"],"yoast_head":"<!-- This site is optimized with the Yoast SEO plugin v27.5 - https:\/\/yoast.com\/product\/yoast-seo-wordpress\/ -->\n<title>Penser grand se mesure en jours, ne pas le faire se mesure en douleurs<\/title>\n<meta name=\"robots\" content=\"index, follow, max-snippet:-1, max-image-preview:large, max-video-preview:-1\" \/>\n<link rel=\"canonical\" href=\"https:\/\/3org.com\/site\/penser-grand-se-mesure-en-jours-ne-pas-le-faire-se-mesure-en-douleurs\/\" \/>\n<meta property=\"og:locale\" content=\"fr_FR\" \/>\n<meta property=\"og:type\" content=\"article\" \/>\n<meta property=\"og:title\" content=\"Penser grand se mesure en jours, ne pas le faire se mesure en douleurs\" \/>\n<meta property=\"og:description\" content=\"Lorsqu&rsquo;il s&rsquo;agit de projets \u00e0 fort usage d&rsquo;informations (structur\u00e9es ou non), c&rsquo;est effectivement tr\u00e8s vrai. Notamment d\u00fb \u00e0 des contraintes financi\u00e8res, ou de difficult\u00e9s \u00e0 appr\u00e9hender le contexte global de l&rsquo;entreprise, les \u00e9tapes amonts du projet (le \u00ab\u00a0penser grand\u00a0\u00bb) sont amoindries voir tout simplement oubli\u00e9es. C&rsquo;est un des risque majeur de complexification futur dudit projet. [&hellip;]\" \/>\n<meta property=\"og:url\" content=\"https:\/\/3org.com\/site\/penser-grand-se-mesure-en-jours-ne-pas-le-faire-se-mesure-en-douleurs\/\" \/>\n<meta property=\"og:site_name\" content=\"3org - Mentorat en gouvernance de l&#039;information\" \/>\n<meta property=\"article:published_time\" content=\"2011-05-27T09:53:44+00:00\" \/>\n<meta name=\"author\" content=\"Jean-Pascal Perrein\" \/>\n<meta name=\"twitter:card\" content=\"summary_large_image\" \/>\n<meta name=\"twitter:label1\" content=\"\u00c9crit par\" \/>\n\t<meta name=\"twitter:data1\" content=\"Jean-Pascal Perrein\" \/>\n\t<meta name=\"twitter:label2\" content=\"Dur\u00e9e de lecture estim\u00e9e\" \/>\n\t<meta name=\"twitter:data2\" content=\"1 minute\" \/>\n<script type=\"application\/ld+json\" class=\"yoast-schema-graph\">{\"@context\":\"https:\\\/\\\/schema.org\",\"@graph\":[{\"@type\":\"Article\",\"@id\":\"https:\\\/\\\/3org.com\\\/site\\\/penser-grand-se-mesure-en-jours-ne-pas-le-faire-se-mesure-en-douleurs\\\/#article\",\"isPartOf\":{\"@id\":\"https:\\\/\\\/3org.com\\\/site\\\/penser-grand-se-mesure-en-jours-ne-pas-le-faire-se-mesure-en-douleurs\\\/\"},\"author\":{\"name\":\"Jean-Pascal Perrein\",\"@id\":\"https:\\\/\\\/3org.com\\\/site\\\/#\\\/schema\\\/person\\\/56d9592478497c0aa430d9f866b0d3df\"},\"headline\":\"Penser grand se mesure en jours, ne pas le faire se mesure en douleurs\",\"datePublished\":\"2011-05-27T09:53:44+00:00\",\"mainEntityOfPage\":{\"@id\":\"https:\\\/\\\/3org.com\\\/site\\\/penser-grand-se-mesure-en-jours-ne-pas-le-faire-se-mesure-en-douleurs\\\/\"},\"wordCount\":139,\"commentCount\":0,\"publisher\":{\"@id\":\"https:\\\/\\\/3org.com\\\/site\\\/#organization\"},\"image\":{\"@id\":\"https:\\\/\\\/3org.com\\\/site\\\/penser-grand-se-mesure-en-jours-ne-pas-le-faire-se-mesure-en-douleurs\\\/#primaryimage\"},\"thumbnailUrl\":\"\",\"keywords\":[\"Agilit\u00e9\",\"Complexit\u00e9\",\"episode 1\",\"Fondamentaux\",\"Gestion du risque\",\"Gouvernance de l'information\",\"http www youtube\",\"Information m\u00e9tier\",\"jean pascal\",\"mapping\",\"Offre de services\",\"r\u00e9duction des co\u00fbts\"],\"articleSection\":[\"Gouvernance de l'information\"],\"inLanguage\":\"fr-FR\",\"potentialAction\":[{\"@type\":\"CommentAction\",\"name\":\"Comment\",\"target\":[\"https:\\\/\\\/3org.com\\\/site\\\/penser-grand-se-mesure-en-jours-ne-pas-le-faire-se-mesure-en-douleurs\\\/#respond\"]}]},{\"@type\":\"WebPage\",\"@id\":\"https:\\\/\\\/3org.com\\\/site\\\/penser-grand-se-mesure-en-jours-ne-pas-le-faire-se-mesure-en-douleurs\\\/\",\"url\":\"https:\\\/\\\/3org.com\\\/site\\\/penser-grand-se-mesure-en-jours-ne-pas-le-faire-se-mesure-en-douleurs\\\/\",\"name\":\"Penser grand se mesure en jours, ne pas le faire se mesure en douleurs\",\"isPartOf\":{\"@id\":\"https:\\\/\\\/3org.com\\\/site\\\/#website\"},\"primaryImageOfPage\":{\"@id\":\"https:\\\/\\\/3org.com\\\/site\\\/penser-grand-se-mesure-en-jours-ne-pas-le-faire-se-mesure-en-douleurs\\\/#primaryimage\"},\"image\":{\"@id\":\"https:\\\/\\\/3org.com\\\/site\\\/penser-grand-se-mesure-en-jours-ne-pas-le-faire-se-mesure-en-douleurs\\\/#primaryimage\"},\"thumbnailUrl\":\"\",\"datePublished\":\"2011-05-27T09:53:44+00:00\",\"breadcrumb\":{\"@id\":\"https:\\\/\\\/3org.com\\\/site\\\/penser-grand-se-mesure-en-jours-ne-pas-le-faire-se-mesure-en-douleurs\\\/#breadcrumb\"},\"inLanguage\":\"fr-FR\",\"potentialAction\":[{\"@type\":\"ReadAction\",\"target\":[\"https:\\\/\\\/3org.com\\\/site\\\/penser-grand-se-mesure-en-jours-ne-pas-le-faire-se-mesure-en-douleurs\\\/\"]}]},{\"@type\":\"ImageObject\",\"inLanguage\":\"fr-FR\",\"@id\":\"https:\\\/\\\/3org.com\\\/site\\\/penser-grand-se-mesure-en-jours-ne-pas-le-faire-se-mesure-en-douleurs\\\/#primaryimage\",\"url\":\"\",\"contentUrl\":\"\"},{\"@type\":\"BreadcrumbList\",\"@id\":\"https:\\\/\\\/3org.com\\\/site\\\/penser-grand-se-mesure-en-jours-ne-pas-le-faire-se-mesure-en-douleurs\\\/#breadcrumb\",\"itemListElement\":[{\"@type\":\"ListItem\",\"position\":1,\"name\":\"Accueil\",\"item\":\"https:\\\/\\\/3org.com\\\/site\\\/\"},{\"@type\":\"ListItem\",\"position\":2,\"name\":\"Penser grand se mesure en jours, ne pas le faire se mesure en douleurs\"}]},{\"@type\":\"WebSite\",\"@id\":\"https:\\\/\\\/3org.com\\\/site\\\/#website\",\"url\":\"https:\\\/\\\/3org.com\\\/site\\\/\",\"name\":\"3org - Mentorat en gouvernance de l&#039;information\",\"description\":\"3org Conseil et mentorat en gestion du flux Information et gouvernance de l&#039;information\",\"publisher\":{\"@id\":\"https:\\\/\\\/3org.com\\\/site\\\/#organization\"},\"potentialAction\":[{\"@type\":\"SearchAction\",\"target\":{\"@type\":\"EntryPoint\",\"urlTemplate\":\"https:\\\/\\\/3org.com\\\/site\\\/?s={search_term_string}\"},\"query-input\":{\"@type\":\"PropertyValueSpecification\",\"valueRequired\":true,\"valueName\":\"search_term_string\"}}],\"inLanguage\":\"fr-FR\"},{\"@type\":\"Organization\",\"@id\":\"https:\\\/\\\/3org.com\\\/site\\\/#organization\",\"name\":\"3org\",\"url\":\"https:\\\/\\\/3org.com\\\/site\\\/\",\"logo\":{\"@type\":\"ImageObject\",\"inLanguage\":\"fr-FR\",\"@id\":\"https:\\\/\\\/3org.com\\\/site\\\/#\\\/schema\\\/logo\\\/image\\\/\",\"url\":\"https:\\\/\\\/i0.wp.com\\\/3org.com\\\/site\\\/wp-content\\\/uploads\\\/2015\\\/04\\\/Logo-3org-HR-Trans.png?fit=1172%2C459&ssl=1\",\"contentUrl\":\"https:\\\/\\\/i0.wp.com\\\/3org.com\\\/site\\\/wp-content\\\/uploads\\\/2015\\\/04\\\/Logo-3org-HR-Trans.png?fit=1172%2C459&ssl=1\",\"width\":1172,\"height\":459,\"caption\":\"3org\"},\"image\":{\"@id\":\"https:\\\/\\\/3org.com\\\/site\\\/#\\\/schema\\\/logo\\\/image\\\/\"}},{\"@type\":\"Person\",\"@id\":\"https:\\\/\\\/3org.com\\\/site\\\/#\\\/schema\\\/person\\\/56d9592478497c0aa430d9f866b0d3df\",\"name\":\"Jean-Pascal Perrein\",\"sameAs\":[\"http:\\\/\\\/www.3org.com\"],\"url\":\"https:\\\/\\\/3org.com\\\/site\\\/author\\\/admin\\\/\"}]}<\/script>\n<!-- \/ Yoast SEO plugin. -->","yoast_head_json":{"title":"Penser grand se mesure en jours, ne pas le faire se mesure en douleurs","robots":{"index":"index","follow":"follow","max-snippet":"max-snippet:-1","max-image-preview":"max-image-preview:large","max-video-preview":"max-video-preview:-1"},"canonical":"https:\/\/3org.com\/site\/penser-grand-se-mesure-en-jours-ne-pas-le-faire-se-mesure-en-douleurs\/","og_locale":"fr_FR","og_type":"article","og_title":"Penser grand se mesure en jours, ne pas le faire se mesure en douleurs","og_description":"Lorsqu&rsquo;il s&rsquo;agit de projets \u00e0 fort usage d&rsquo;informations (structur\u00e9es ou non), c&rsquo;est effectivement tr\u00e8s vrai. Notamment d\u00fb \u00e0 des contraintes financi\u00e8res, ou de difficult\u00e9s \u00e0 appr\u00e9hender le contexte global de l&rsquo;entreprise, les \u00e9tapes amonts du projet (le \u00ab\u00a0penser grand\u00a0\u00bb) sont amoindries voir tout simplement oubli\u00e9es. C&rsquo;est un des risque majeur de complexification futur dudit projet. [&hellip;]","og_url":"https:\/\/3org.com\/site\/penser-grand-se-mesure-en-jours-ne-pas-le-faire-se-mesure-en-douleurs\/","og_site_name":"3org - Mentorat en gouvernance de l&#039;information","article_published_time":"2011-05-27T09:53:44+00:00","author":"Jean-Pascal Perrein","twitter_card":"summary_large_image","twitter_misc":{"\u00c9crit par":"Jean-Pascal Perrein","Dur\u00e9e de lecture estim\u00e9e":"1 minute"},"schema":{"@context":"https:\/\/schema.org","@graph":[{"@type":"Article","@id":"https:\/\/3org.com\/site\/penser-grand-se-mesure-en-jours-ne-pas-le-faire-se-mesure-en-douleurs\/#article","isPartOf":{"@id":"https:\/\/3org.com\/site\/penser-grand-se-mesure-en-jours-ne-pas-le-faire-se-mesure-en-douleurs\/"},"author":{"name":"Jean-Pascal Perrein","@id":"https:\/\/3org.com\/site\/#\/schema\/person\/56d9592478497c0aa430d9f866b0d3df"},"headline":"Penser grand se mesure en jours, ne pas le faire se mesure en douleurs","datePublished":"2011-05-27T09:53:44+00:00","mainEntityOfPage":{"@id":"https:\/\/3org.com\/site\/penser-grand-se-mesure-en-jours-ne-pas-le-faire-se-mesure-en-douleurs\/"},"wordCount":139,"commentCount":0,"publisher":{"@id":"https:\/\/3org.com\/site\/#organization"},"image":{"@id":"https:\/\/3org.com\/site\/penser-grand-se-mesure-en-jours-ne-pas-le-faire-se-mesure-en-douleurs\/#primaryimage"},"thumbnailUrl":"","keywords":["Agilit\u00e9","Complexit\u00e9","episode 1","Fondamentaux","Gestion du risque","Gouvernance de l'information","http www youtube","Information m\u00e9tier","jean pascal","mapping","Offre de services","r\u00e9duction des co\u00fbts"],"articleSection":["Gouvernance de l'information"],"inLanguage":"fr-FR","potentialAction":[{"@type":"CommentAction","name":"Comment","target":["https:\/\/3org.com\/site\/penser-grand-se-mesure-en-jours-ne-pas-le-faire-se-mesure-en-douleurs\/#respond"]}]},{"@type":"WebPage","@id":"https:\/\/3org.com\/site\/penser-grand-se-mesure-en-jours-ne-pas-le-faire-se-mesure-en-douleurs\/","url":"https:\/\/3org.com\/site\/penser-grand-se-mesure-en-jours-ne-pas-le-faire-se-mesure-en-douleurs\/","name":"Penser grand se mesure en jours, ne pas le faire se mesure en douleurs","isPartOf":{"@id":"https:\/\/3org.com\/site\/#website"},"primaryImageOfPage":{"@id":"https:\/\/3org.com\/site\/penser-grand-se-mesure-en-jours-ne-pas-le-faire-se-mesure-en-douleurs\/#primaryimage"},"image":{"@id":"https:\/\/3org.com\/site\/penser-grand-se-mesure-en-jours-ne-pas-le-faire-se-mesure-en-douleurs\/#primaryimage"},"thumbnailUrl":"","datePublished":"2011-05-27T09:53:44+00:00","breadcrumb":{"@id":"https:\/\/3org.com\/site\/penser-grand-se-mesure-en-jours-ne-pas-le-faire-se-mesure-en-douleurs\/#breadcrumb"},"inLanguage":"fr-FR","potentialAction":[{"@type":"ReadAction","target":["https:\/\/3org.com\/site\/penser-grand-se-mesure-en-jours-ne-pas-le-faire-se-mesure-en-douleurs\/"]}]},{"@type":"ImageObject","inLanguage":"fr-FR","@id":"https:\/\/3org.com\/site\/penser-grand-se-mesure-en-jours-ne-pas-le-faire-se-mesure-en-douleurs\/#primaryimage","url":"","contentUrl":""},{"@type":"BreadcrumbList","@id":"https:\/\/3org.com\/site\/penser-grand-se-mesure-en-jours-ne-pas-le-faire-se-mesure-en-douleurs\/#breadcrumb","itemListElement":[{"@type":"ListItem","position":1,"name":"Accueil","item":"https:\/\/3org.com\/site\/"},{"@type":"ListItem","position":2,"name":"Penser grand se mesure en jours, ne pas le faire se mesure en douleurs"}]},{"@type":"WebSite","@id":"https:\/\/3org.com\/site\/#website","url":"https:\/\/3org.com\/site\/","name":"3org - Mentorat en gouvernance de l&#039;information","description":"3org Conseil et mentorat en gestion du flux Information et gouvernance de l&#039;information","publisher":{"@id":"https:\/\/3org.com\/site\/#organization"},"potentialAction":[{"@type":"SearchAction","target":{"@type":"EntryPoint","urlTemplate":"https:\/\/3org.com\/site\/?s={search_term_string}"},"query-input":{"@type":"PropertyValueSpecification","valueRequired":true,"valueName":"search_term_string"}}],"inLanguage":"fr-FR"},{"@type":"Organization","@id":"https:\/\/3org.com\/site\/#organization","name":"3org","url":"https:\/\/3org.com\/site\/","logo":{"@type":"ImageObject","inLanguage":"fr-FR","@id":"https:\/\/3org.com\/site\/#\/schema\/logo\/image\/","url":"https:\/\/i0.wp.com\/3org.com\/site\/wp-content\/uploads\/2015\/04\/Logo-3org-HR-Trans.png?fit=1172%2C459&ssl=1","contentUrl":"https:\/\/i0.wp.com\/3org.com\/site\/wp-content\/uploads\/2015\/04\/Logo-3org-HR-Trans.png?fit=1172%2C459&ssl=1","width":1172,"height":459,"caption":"3org"},"image":{"@id":"https:\/\/3org.com\/site\/#\/schema\/logo\/image\/"}},{"@type":"Person","@id":"https:\/\/3org.com\/site\/#\/schema\/person\/56d9592478497c0aa430d9f866b0d3df","name":"Jean-Pascal Perrein","sameAs":["http:\/\/www.3org.com"],"url":"https:\/\/3org.com\/site\/author\/admin\/"}]}},"jetpack_featured_media_url":"","jetpack_shortlink":"https:\/\/wp.me\/p3WHv2-FR","jetpack_sharing_enabled":true,"_links":{"self":[{"href":"https:\/\/3org.com\/site\/wp-json\/wp\/v2\/posts\/2595","targetHints":{"allow":["GET"]}}],"collection":[{"href":"https:\/\/3org.com\/site\/wp-json\/wp\/v2\/posts"}],"about":[{"href":"https:\/\/3org.com\/site\/wp-json\/wp\/v2\/types\/post"}],"author":[{"embeddable":true,"href":"https:\/\/3org.com\/site\/wp-json\/wp\/v2\/users\/4"}],"replies":[{"embeddable":true,"href":"https:\/\/3org.com\/site\/wp-json\/wp\/v2\/comments?post=2595"}],"version-history":[{"count":0,"href":"https:\/\/3org.com\/site\/wp-json\/wp\/v2\/posts\/2595\/revisions"}],"wp:featuredmedia":[{"embeddable":true,"href":"https:\/\/3org.com\/site\/wp-json\/"}],"wp:attachment":[{"href":"https:\/\/3org.com\/site\/wp-json\/wp\/v2\/media?parent=2595"}],"wp:term":[{"taxonomy":"category","embeddable":true,"href":"https:\/\/3org.com\/site\/wp-json\/wp\/v2\/categories?post=2595"},{"taxonomy":"post_tag","embeddable":true,"href":"https:\/\/3org.com\/site\/wp-json\/wp\/v2\/tags?post=2595"}],"curies":[{"name":"wp","href":"https:\/\/api.w.org\/{rel}","templated":true}]}}