{"id":2613,"date":"2013-01-03T03:03:56","date_gmt":"2013-01-03T01:03:56","guid":{"rendered":"http:\/\/www.3org.com\/news\/?p=2314"},"modified":"2013-01-03T03:03:56","modified_gmt":"2013-01-03T01:03:56","slug":"predictions-2013-2014-les-polytechniciens-de-linformation","status":"publish","type":"post","link":"https:\/\/3org.com\/site\/predictions-2013-2014-les-polytechniciens-de-linformation\/","title":{"rendered":"Pr\u00e9dictions 2013-2014 : Les polytechniciens de l\u2019information"},"content":{"rendered":"<p style=\"text-align: justify;\"><a href=\"https:\/\/3org.com\/news\/tendances\/prediction-2015-2016-vers-un-monde-autrement-responsable\/attachment\/1822_1920x1200\/\"><img data-recalc-dims=\"1\" loading=\"lazy\" decoding=\"async\" class=\"alignleft wp-image-2543 \" src=\"https:\/\/i0.wp.com\/3org.com\/news\/wp-content\/uploads\/1822_1920x12001.jpg?resize=200%2C200&#038;ssl=1\" alt=\"\" width=\"200\" height=\"200\" \/><\/a>Nous sommes dans une \u00e9poque syst\u00e9mique, de tendances et d\u2019influences, avec <strong>une mati\u00e8re premi\u00e8re universelle, strat\u00e9gique et imposante : l\u2019information<\/strong>. Nous n&rsquo;avons pas le choix, il nous faut la consid\u00e9rer comme<strong> un flux vital<\/strong> dans notre vie de tous les jours, et donc la comprendre, la g\u00e9rer, la gouverner, l&rsquo;exploiter, la d\u00e9velopper. C&rsquo;est complexe, et nous nous apercevons que nous ne savons pas trop comment faire.<\/p>\n<p style=\"text-align: justify;\">Manque de bol,<strong> nos formations sont tr\u00e8s analytiques, et souvent monolithiques<\/strong>. Ok, le march\u00e9 comporte une foultitude d\u2019experts sp\u00e9cialis\u00e9s dans un seul domaine, au mieux deux, relatifs \u00e0 l\u2019information : Expert en s\u00e9curit\u00e9, expert en donn\u00e9es, expert en documents physiques, expert en documents num\u00e9riques, expert en gestion des connaissances, expert en archivage, expert en business intelligence, expert en recherche et en veille, expert en intelligence (\u00e9conomique ou non), expert en r\u00e8glementation, expert en changement, expert en organisation, \u2026 . Cela est il suffisant ?<\/p>\n<p style=\"text-align: justify;\">Clairement non.<\/p>\n<p style=\"text-align: justify;\">Avec ces \u00e9volutions que nous vivons et en pr\u00e9vision de celles \u00e0 venir, de nouvelles expertises se cr\u00e9ent autour des usages et services du Cloud, du Big Data, des architectures de et pour l\u2019information, de la repr\u00e9sentation visuelle de l\u2019information, des risques informationnels, de l\u2019innovation processus par l\u2019information, <strong>de la transformation des cultures et organisations,<\/strong> \u2026 .<\/p>\n<p style=\"text-align: justify;\">Ces expertises ont une particularit\u00e9 identique: une orientation forte sur l\u2019ensemble du cycle de vie de l\u2019information. Elles donne une dimension forte \u00e0 la notion de <strong>flux d&rsquo;informations<\/strong>. Elles sont accessibles de part une exp\u00e9rience cumul\u00e9e, une sensibilit\u00e9 adapt\u00e9e \u00e0 l\u2019\u00e9cosyst\u00e8me autour de l\u2019information et surtout une capacit\u00e9 \u00e0 prendre de la hauteur sur les usages, le cycle de vie et l\u2019organisation de l\u2019information. Des comp\u00e9tences et connaissances rares, qui <strong>vont \u00eatre tr\u00e8s pris\u00e9es et compl\u00e9mentaires au d\u00e9veloppement de la gouvernance de l\u2019information<\/strong> dans nos organisations.<\/p>\n<p style=\"text-align: justify;\">Mais aujourd&rsquo;hui il n&rsquo;y a pas grand chose, et un manque cruel commence \u00e0 se faire sentir.<\/p>\n<p style=\"text-align: justify;\">Pour ce qui est de donner une vue d\u2019ensemble et comprendre les m\u00e9canismes de coh\u00e9rences entre ces experts, nouveaux et anciens : m\u00eame sur un march\u00e9 tenu (potentiel de moins de 5 000 personnes en France), ces ressources strat\u00e9giques seront un facteur clefs de succ\u00e8s en effet levier :<\/p>\n<ul>\n<li>pour tous les <strong>projets \u00e0 fort usage d\u2019informations<\/strong> (avec donc une dimension organisationnelle, changement des usages, et technique),<\/li>\n<li>pour les <strong>circuits de d\u00e9cisions<\/strong> qui ne peuvent plus \u00eatre pertinentes sans une vue sur le flux information (strat\u00e9giques alliant des aspects de risques, d&rsquo;innovation, de co\u00fbts, ..).<\/li>\n<\/ul>\n<p style=\"text-align: justify;\">Le temps que les formations acad\u00e9miques s\u2019organisent ou que le priv\u00e9 comprenne l\u2019int\u00e9r\u00eat financier, quelques ann\u00e9es vont s\u2019\u00e9couler, faisant ainsi perdre de belles opportunit\u00e9s \u00e0 nos entreprises pour se d\u00e9marquer, et optimiser leurs d\u00e9veloppements.<\/p>\n<p style=\"text-align: justify;\">D&rsquo;ailleurs, <strong>nos formations d&rsquo;aujourd&rsquo;hui sont-elles vraiment adapt\u00e9es au monde de demain ?\u00a0<\/strong> &#8211; Je suis persuad\u00e9 qu&rsquo;elles ne le sont plus, du moins concernant l&rsquo;information. Le sujet est trop complexe et doit s&rsquo;appuyer sur un cocktail savant de pratique, de diversit\u00e9, d&rsquo;expertise, de hauteur, de management, de remise en question sur des sujets mouvants, de situations \u00e0 cr\u00e9er alliant souplesse et rigueur, de cr\u00e9ativit\u00e9, &#8230; Dans ce sens, des mod\u00e8les comme <a href=\"http:\/\/www.gouvinfo.org\/IAI\" target=\"_blank\" rel=\"noopener\">GouvInfo <\/a>peuvent devenir des opportunit\u00e9s de d\u00e9veloppement de produits de \u00ab\u00a0formation\u00a0\u00bb adapt\u00e9s \u00e0 la situation.<\/p>\n<p style=\"text-align: justify;\">Et vous, si vous \u00eates un Y files ;-), passionn\u00e9, sp\u00e9cialiste de l\u2019information dans au moins 2 domaines (donn\u00e9es, documents, architecture, services, intelligence, usages, r\u00e9glementation, organisation, ..) curieux et ambitieux intellectuellement, avec du potentiel, <strong>il y a de tr\u00e8s belles opportunit\u00e9s \u00e0 prendre pour ces prochaines ann\u00e9es<\/strong>.Et ce n&rsquo;est pas compliqu\u00e9, juste un peu complexe :-)<\/p>\n<p style=\"text-align: justify;\">Il suffit de <strong>devenir un polytechnicien de l\u2019information<\/strong>, d\u00e9velopper\/provoquer l\u2019apprentissage de nouvelles comp\u00e9tences sur des domaines compl\u00e9mentaires en dehors de votre zone de confort. Il ne s\u2019agit pas de devenir expert de tout, gardez vos domaines d\u2019expertises, il s\u2019agit \u00ab juste \u00bb de conna\u00eetre et comprendre les autres silos, et donc d\u00e9velopper dans le temps une forte valeur ajout\u00e9e dans de la construction de ponts.<\/p>\n<p>\u00a0(*) \u00c0 lire cet article significatif : <a href=\"http:\/\/haikusages.fr\/je-ne-suis-pas-designer-de-service\/\" target=\"_blank\" rel=\"noopener\">Je ne suis pas designer de service, je suis un homme libre<\/a><\/p>\n<p>&nbsp;<\/p>\n<p><em>Ce billet est r\u00e9alis\u00e9 en s\u2019inspirant des tendances en cours, ainsi que celles affich\u00e9es autour de l\u2019information, ses usages, le march\u00e9 et surtout un feeling personnel et une touche de bon sens. Ces \u201cpr\u00e9dictions\u201d sont une continuit\u00e9 des celles affich\u00e9es ces derni\u00e8res ann\u00e9es :<\/em><\/p>\n<ul>\n<li><a title=\"Pr\u00e9dictions 2012-2013 : Vers le pilotage de l\u2019information des organisations (PIO)\" href=\"https:\/\/3org.com\/news\/gouvernance\/prediction-2012-2013-vers-le-pilotage-de-l%e2%80%99information-des-organisations-pio\/\"><em>Pr\u00e9dictions 2012-2013 : Vers le pilotage de l\u2019information des organisations (PIO)<\/em><\/a><\/li>\n<li><a title=\"Pr\u00e9dictions 2011-2012 : Gestion et gouvernance de l\u2019information\" href=\"https:\/\/3org.com\/news\/gouvernance\/gestion-et-gouvernance-de-linformation-predictions-2011-2012\/\"><em>Pr\u00e9dictions 2011-2012 : Gestion et gouvernance de l\u2019information<\/em><\/a><\/li>\n<li><a title=\"Prediction 2010-2011 : Information Management Information Governance\" href=\"https:\/\/3org.com\/news\/gouvernance\/information-management-prediction-for-2010-2011\/\"><em>Information Management Prediction for 2010-2011.<\/em><\/a><\/li>\n<\/ul>\n","protected":false},"excerpt":{"rendered":"<p>Nous sommes dans une \u00e9poque syst\u00e9mique, de tendances et d\u2019influences, avec une mati\u00e8re premi\u00e8re universelle, strat\u00e9gique et imposante : l\u2019information. Nous n&rsquo;avons pas le choix, il nous faut la consid\u00e9rer comme un flux vital dans notre vie de tous les jours, et donc la comprendre, la g\u00e9rer, la gouverner, l&rsquo;exploiter, la d\u00e9velopper. C&rsquo;est complexe, et [&hellip;]<\/p>\n","protected":false},"author":4,"featured_media":2315,"comment_status":"open","ping_status":"closed","sticky":false,"template":"","format":"standard","meta":{"_et_pb_use_builder":"","_et_pb_old_content":"","_et_gb_content_width":"","jetpack_post_was_ever_published":false,"_jetpack_newsletter_access":"","_jetpack_dont_email_post_to_subs":false,"_jetpack_newsletter_tier_id":0,"_jetpack_memberships_contains_paywalled_content":false,"_jetpack_memberships_contains_paid_content":false,"footnotes":""},"categories":[57],"tags":[263,264,253,29,112,265,81,266,226,267,76,149,117],"class_list":["post-2613","post","type-post","status-publish","format-standard","has-post-thumbnail","hentry","category-culture_et_usages","tag-academique","tag-fonctions","tag-formation","tag-gouvinfo-2","tag-information-2-0","tag-metiers","tag-performance","tag-polytechniciens","tag-predictions","tag-roles","tag-transformation","tag-usages","tag-utilisateurs-de-linformation"],"yoast_head":"<!-- This site is optimized with the Yoast SEO plugin v27.5 - https:\/\/yoast.com\/product\/yoast-seo-wordpress\/ -->\n<title>Pr\u00e9dictions 2013-2014 : Les polytechniciens de l\u2019information - 3org - Mentorat en gouvernance de l&#039;information<\/title>\n<meta name=\"robots\" content=\"index, follow, max-snippet:-1, max-image-preview:large, max-video-preview:-1\" \/>\n<link rel=\"canonical\" href=\"https:\/\/3org.com\/site\/predictions-2013-2014-les-polytechniciens-de-linformation\/\" \/>\n<meta property=\"og:locale\" content=\"fr_FR\" \/>\n<meta property=\"og:type\" content=\"article\" \/>\n<meta property=\"og:title\" content=\"Pr\u00e9dictions 2013-2014 : Les polytechniciens de l\u2019information - 3org - Mentorat en gouvernance de l&#039;information\" \/>\n<meta property=\"og:description\" content=\"Nous sommes dans une \u00e9poque syst\u00e9mique, de tendances et d\u2019influences, avec une mati\u00e8re premi\u00e8re universelle, strat\u00e9gique et imposante : l\u2019information. Nous n&rsquo;avons pas le choix, il nous faut la consid\u00e9rer comme un flux vital dans notre vie de tous les jours, et donc la comprendre, la g\u00e9rer, la gouverner, l&rsquo;exploiter, la d\u00e9velopper. C&rsquo;est complexe, et [&hellip;]\" \/>\n<meta property=\"og:url\" content=\"https:\/\/3org.com\/site\/predictions-2013-2014-les-polytechniciens-de-linformation\/\" \/>\n<meta property=\"og:site_name\" content=\"3org - Mentorat en gouvernance de l&#039;information\" \/>\n<meta property=\"article:published_time\" content=\"2013-01-03T01:03:56+00:00\" \/>\n<meta name=\"author\" content=\"Jean-Pascal Perrein\" \/>\n<meta name=\"twitter:card\" content=\"summary_large_image\" \/>\n<meta name=\"twitter:label1\" content=\"\u00c9crit par\" \/>\n\t<meta name=\"twitter:data1\" content=\"Jean-Pascal Perrein\" \/>\n\t<meta name=\"twitter:label2\" content=\"Dur\u00e9e de lecture estim\u00e9e\" \/>\n\t<meta name=\"twitter:data2\" content=\"4 minutes\" \/>\n<script type=\"application\/ld+json\" class=\"yoast-schema-graph\">{\"@context\":\"https:\\\/\\\/schema.org\",\"@graph\":[{\"@type\":\"Article\",\"@id\":\"https:\\\/\\\/3org.com\\\/site\\\/predictions-2013-2014-les-polytechniciens-de-linformation\\\/#article\",\"isPartOf\":{\"@id\":\"https:\\\/\\\/3org.com\\\/site\\\/predictions-2013-2014-les-polytechniciens-de-linformation\\\/\"},\"author\":{\"name\":\"Jean-Pascal Perrein\",\"@id\":\"https:\\\/\\\/3org.com\\\/site\\\/#\\\/schema\\\/person\\\/56d9592478497c0aa430d9f866b0d3df\"},\"headline\":\"Pr\u00e9dictions 2013-2014 : Les polytechniciens de l\u2019information\",\"datePublished\":\"2013-01-03T01:03:56+00:00\",\"mainEntityOfPage\":{\"@id\":\"https:\\\/\\\/3org.com\\\/site\\\/predictions-2013-2014-les-polytechniciens-de-linformation\\\/\"},\"wordCount\":824,\"commentCount\":1,\"publisher\":{\"@id\":\"https:\\\/\\\/3org.com\\\/site\\\/#organization\"},\"image\":{\"@id\":\"https:\\\/\\\/3org.com\\\/site\\\/predictions-2013-2014-les-polytechniciens-de-linformation\\\/#primaryimage\"},\"thumbnailUrl\":\"\",\"keywords\":[\"acad\u00e9mique\",\"fonctions\",\"Formation\",\"GouvInfo\",\"Information 2.0\",\"m\u00e9tiers\",\"Performance\",\"polytechniciens\",\"predictions\",\"r\u00f4les\",\"Transformation\",\"usages\",\"Utilisateurs de l\u2019information\"],\"articleSection\":[\"Culture et Usages\"],\"inLanguage\":\"fr-FR\",\"potentialAction\":[{\"@type\":\"CommentAction\",\"name\":\"Comment\",\"target\":[\"https:\\\/\\\/3org.com\\\/site\\\/predictions-2013-2014-les-polytechniciens-de-linformation\\\/#respond\"]}]},{\"@type\":\"WebPage\",\"@id\":\"https:\\\/\\\/3org.com\\\/site\\\/predictions-2013-2014-les-polytechniciens-de-linformation\\\/\",\"url\":\"https:\\\/\\\/3org.com\\\/site\\\/predictions-2013-2014-les-polytechniciens-de-linformation\\\/\",\"name\":\"Pr\u00e9dictions 2013-2014 : Les polytechniciens de l\u2019information - 3org - Mentorat en gouvernance de l&#039;information\",\"isPartOf\":{\"@id\":\"https:\\\/\\\/3org.com\\\/site\\\/#website\"},\"primaryImageOfPage\":{\"@id\":\"https:\\\/\\\/3org.com\\\/site\\\/predictions-2013-2014-les-polytechniciens-de-linformation\\\/#primaryimage\"},\"image\":{\"@id\":\"https:\\\/\\\/3org.com\\\/site\\\/predictions-2013-2014-les-polytechniciens-de-linformation\\\/#primaryimage\"},\"thumbnailUrl\":\"\",\"datePublished\":\"2013-01-03T01:03:56+00:00\",\"breadcrumb\":{\"@id\":\"https:\\\/\\\/3org.com\\\/site\\\/predictions-2013-2014-les-polytechniciens-de-linformation\\\/#breadcrumb\"},\"inLanguage\":\"fr-FR\",\"potentialAction\":[{\"@type\":\"ReadAction\",\"target\":[\"https:\\\/\\\/3org.com\\\/site\\\/predictions-2013-2014-les-polytechniciens-de-linformation\\\/\"]}]},{\"@type\":\"ImageObject\",\"inLanguage\":\"fr-FR\",\"@id\":\"https:\\\/\\\/3org.com\\\/site\\\/predictions-2013-2014-les-polytechniciens-de-linformation\\\/#primaryimage\",\"url\":\"\",\"contentUrl\":\"\"},{\"@type\":\"BreadcrumbList\",\"@id\":\"https:\\\/\\\/3org.com\\\/site\\\/predictions-2013-2014-les-polytechniciens-de-linformation\\\/#breadcrumb\",\"itemListElement\":[{\"@type\":\"ListItem\",\"position\":1,\"name\":\"Accueil\",\"item\":\"https:\\\/\\\/3org.com\\\/site\\\/\"},{\"@type\":\"ListItem\",\"position\":2,\"name\":\"Pr\u00e9dictions 2013-2014 : Les polytechniciens de l\u2019information\"}]},{\"@type\":\"WebSite\",\"@id\":\"https:\\\/\\\/3org.com\\\/site\\\/#website\",\"url\":\"https:\\\/\\\/3org.com\\\/site\\\/\",\"name\":\"3org - Mentorat en gouvernance de l&#039;information\",\"description\":\"3org Conseil et mentorat en gestion du flux Information et gouvernance de l&#039;information\",\"publisher\":{\"@id\":\"https:\\\/\\\/3org.com\\\/site\\\/#organization\"},\"potentialAction\":[{\"@type\":\"SearchAction\",\"target\":{\"@type\":\"EntryPoint\",\"urlTemplate\":\"https:\\\/\\\/3org.com\\\/site\\\/?s={search_term_string}\"},\"query-input\":{\"@type\":\"PropertyValueSpecification\",\"valueRequired\":true,\"valueName\":\"search_term_string\"}}],\"inLanguage\":\"fr-FR\"},{\"@type\":\"Organization\",\"@id\":\"https:\\\/\\\/3org.com\\\/site\\\/#organization\",\"name\":\"3org\",\"url\":\"https:\\\/\\\/3org.com\\\/site\\\/\",\"logo\":{\"@type\":\"ImageObject\",\"inLanguage\":\"fr-FR\",\"@id\":\"https:\\\/\\\/3org.com\\\/site\\\/#\\\/schema\\\/logo\\\/image\\\/\",\"url\":\"https:\\\/\\\/i0.wp.com\\\/3org.com\\\/site\\\/wp-content\\\/uploads\\\/2015\\\/04\\\/Logo-3org-HR-Trans.png?fit=1172%2C459&ssl=1\",\"contentUrl\":\"https:\\\/\\\/i0.wp.com\\\/3org.com\\\/site\\\/wp-content\\\/uploads\\\/2015\\\/04\\\/Logo-3org-HR-Trans.png?fit=1172%2C459&ssl=1\",\"width\":1172,\"height\":459,\"caption\":\"3org\"},\"image\":{\"@id\":\"https:\\\/\\\/3org.com\\\/site\\\/#\\\/schema\\\/logo\\\/image\\\/\"}},{\"@type\":\"Person\",\"@id\":\"https:\\\/\\\/3org.com\\\/site\\\/#\\\/schema\\\/person\\\/56d9592478497c0aa430d9f866b0d3df\",\"name\":\"Jean-Pascal Perrein\",\"sameAs\":[\"http:\\\/\\\/www.3org.com\"],\"url\":\"https:\\\/\\\/3org.com\\\/site\\\/author\\\/admin\\\/\"}]}<\/script>\n<!-- \/ Yoast SEO plugin. -->","yoast_head_json":{"title":"Pr\u00e9dictions 2013-2014 : Les polytechniciens de l\u2019information - 3org - Mentorat en gouvernance de l&#039;information","robots":{"index":"index","follow":"follow","max-snippet":"max-snippet:-1","max-image-preview":"max-image-preview:large","max-video-preview":"max-video-preview:-1"},"canonical":"https:\/\/3org.com\/site\/predictions-2013-2014-les-polytechniciens-de-linformation\/","og_locale":"fr_FR","og_type":"article","og_title":"Pr\u00e9dictions 2013-2014 : Les polytechniciens de l\u2019information - 3org - Mentorat en gouvernance de l&#039;information","og_description":"Nous sommes dans une \u00e9poque syst\u00e9mique, de tendances et d\u2019influences, avec une mati\u00e8re premi\u00e8re universelle, strat\u00e9gique et imposante : l\u2019information. Nous n&rsquo;avons pas le choix, il nous faut la consid\u00e9rer comme un flux vital dans notre vie de tous les jours, et donc la comprendre, la g\u00e9rer, la gouverner, l&rsquo;exploiter, la d\u00e9velopper. C&rsquo;est complexe, et [&hellip;]","og_url":"https:\/\/3org.com\/site\/predictions-2013-2014-les-polytechniciens-de-linformation\/","og_site_name":"3org - Mentorat en gouvernance de l&#039;information","article_published_time":"2013-01-03T01:03:56+00:00","author":"Jean-Pascal Perrein","twitter_card":"summary_large_image","twitter_misc":{"\u00c9crit par":"Jean-Pascal Perrein","Dur\u00e9e de lecture estim\u00e9e":"4 minutes"},"schema":{"@context":"https:\/\/schema.org","@graph":[{"@type":"Article","@id":"https:\/\/3org.com\/site\/predictions-2013-2014-les-polytechniciens-de-linformation\/#article","isPartOf":{"@id":"https:\/\/3org.com\/site\/predictions-2013-2014-les-polytechniciens-de-linformation\/"},"author":{"name":"Jean-Pascal Perrein","@id":"https:\/\/3org.com\/site\/#\/schema\/person\/56d9592478497c0aa430d9f866b0d3df"},"headline":"Pr\u00e9dictions 2013-2014 : Les polytechniciens de l\u2019information","datePublished":"2013-01-03T01:03:56+00:00","mainEntityOfPage":{"@id":"https:\/\/3org.com\/site\/predictions-2013-2014-les-polytechniciens-de-linformation\/"},"wordCount":824,"commentCount":1,"publisher":{"@id":"https:\/\/3org.com\/site\/#organization"},"image":{"@id":"https:\/\/3org.com\/site\/predictions-2013-2014-les-polytechniciens-de-linformation\/#primaryimage"},"thumbnailUrl":"","keywords":["acad\u00e9mique","fonctions","Formation","GouvInfo","Information 2.0","m\u00e9tiers","Performance","polytechniciens","predictions","r\u00f4les","Transformation","usages","Utilisateurs de l\u2019information"],"articleSection":["Culture et Usages"],"inLanguage":"fr-FR","potentialAction":[{"@type":"CommentAction","name":"Comment","target":["https:\/\/3org.com\/site\/predictions-2013-2014-les-polytechniciens-de-linformation\/#respond"]}]},{"@type":"WebPage","@id":"https:\/\/3org.com\/site\/predictions-2013-2014-les-polytechniciens-de-linformation\/","url":"https:\/\/3org.com\/site\/predictions-2013-2014-les-polytechniciens-de-linformation\/","name":"Pr\u00e9dictions 2013-2014 : Les polytechniciens de l\u2019information - 3org - Mentorat en gouvernance de l&#039;information","isPartOf":{"@id":"https:\/\/3org.com\/site\/#website"},"primaryImageOfPage":{"@id":"https:\/\/3org.com\/site\/predictions-2013-2014-les-polytechniciens-de-linformation\/#primaryimage"},"image":{"@id":"https:\/\/3org.com\/site\/predictions-2013-2014-les-polytechniciens-de-linformation\/#primaryimage"},"thumbnailUrl":"","datePublished":"2013-01-03T01:03:56+00:00","breadcrumb":{"@id":"https:\/\/3org.com\/site\/predictions-2013-2014-les-polytechniciens-de-linformation\/#breadcrumb"},"inLanguage":"fr-FR","potentialAction":[{"@type":"ReadAction","target":["https:\/\/3org.com\/site\/predictions-2013-2014-les-polytechniciens-de-linformation\/"]}]},{"@type":"ImageObject","inLanguage":"fr-FR","@id":"https:\/\/3org.com\/site\/predictions-2013-2014-les-polytechniciens-de-linformation\/#primaryimage","url":"","contentUrl":""},{"@type":"BreadcrumbList","@id":"https:\/\/3org.com\/site\/predictions-2013-2014-les-polytechniciens-de-linformation\/#breadcrumb","itemListElement":[{"@type":"ListItem","position":1,"name":"Accueil","item":"https:\/\/3org.com\/site\/"},{"@type":"ListItem","position":2,"name":"Pr\u00e9dictions 2013-2014 : Les polytechniciens de l\u2019information"}]},{"@type":"WebSite","@id":"https:\/\/3org.com\/site\/#website","url":"https:\/\/3org.com\/site\/","name":"3org - Mentorat en gouvernance de l&#039;information","description":"3org Conseil et mentorat en gestion du flux Information et gouvernance de l&#039;information","publisher":{"@id":"https:\/\/3org.com\/site\/#organization"},"potentialAction":[{"@type":"SearchAction","target":{"@type":"EntryPoint","urlTemplate":"https:\/\/3org.com\/site\/?s={search_term_string}"},"query-input":{"@type":"PropertyValueSpecification","valueRequired":true,"valueName":"search_term_string"}}],"inLanguage":"fr-FR"},{"@type":"Organization","@id":"https:\/\/3org.com\/site\/#organization","name":"3org","url":"https:\/\/3org.com\/site\/","logo":{"@type":"ImageObject","inLanguage":"fr-FR","@id":"https:\/\/3org.com\/site\/#\/schema\/logo\/image\/","url":"https:\/\/i0.wp.com\/3org.com\/site\/wp-content\/uploads\/2015\/04\/Logo-3org-HR-Trans.png?fit=1172%2C459&ssl=1","contentUrl":"https:\/\/i0.wp.com\/3org.com\/site\/wp-content\/uploads\/2015\/04\/Logo-3org-HR-Trans.png?fit=1172%2C459&ssl=1","width":1172,"height":459,"caption":"3org"},"image":{"@id":"https:\/\/3org.com\/site\/#\/schema\/logo\/image\/"}},{"@type":"Person","@id":"https:\/\/3org.com\/site\/#\/schema\/person\/56d9592478497c0aa430d9f866b0d3df","name":"Jean-Pascal Perrein","sameAs":["http:\/\/www.3org.com"],"url":"https:\/\/3org.com\/site\/author\/admin\/"}]}},"jetpack_featured_media_url":"","jetpack_shortlink":"https:\/\/wp.me\/p3WHv2-G9","jetpack_sharing_enabled":true,"_links":{"self":[{"href":"https:\/\/3org.com\/site\/wp-json\/wp\/v2\/posts\/2613","targetHints":{"allow":["GET"]}}],"collection":[{"href":"https:\/\/3org.com\/site\/wp-json\/wp\/v2\/posts"}],"about":[{"href":"https:\/\/3org.com\/site\/wp-json\/wp\/v2\/types\/post"}],"author":[{"embeddable":true,"href":"https:\/\/3org.com\/site\/wp-json\/wp\/v2\/users\/4"}],"replies":[{"embeddable":true,"href":"https:\/\/3org.com\/site\/wp-json\/wp\/v2\/comments?post=2613"}],"version-history":[{"count":0,"href":"https:\/\/3org.com\/site\/wp-json\/wp\/v2\/posts\/2613\/revisions"}],"wp:featuredmedia":[{"embeddable":true,"href":"https:\/\/3org.com\/site\/wp-json\/"}],"wp:attachment":[{"href":"https:\/\/3org.com\/site\/wp-json\/wp\/v2\/media?parent=2613"}],"wp:term":[{"taxonomy":"category","embeddable":true,"href":"https:\/\/3org.com\/site\/wp-json\/wp\/v2\/categories?post=2613"},{"taxonomy":"post_tag","embeddable":true,"href":"https:\/\/3org.com\/site\/wp-json\/wp\/v2\/tags?post=2613"}],"curies":[{"name":"wp","href":"https:\/\/api.w.org\/{rel}","templated":true}]}}