{"id":2615,"date":"2013-01-05T05:05:01","date_gmt":"2013-01-05T03:05:01","guid":{"rendered":"http:\/\/www.3org.com\/news\/?p=2336"},"modified":"2013-01-05T05:05:01","modified_gmt":"2013-01-05T03:05:01","slug":"predictions-2013-2014-debut-du-cycle-des-nouvelles-cultures-et-des-nouveaux-usages-de-linformation","status":"publish","type":"post","link":"https:\/\/3org.com\/site\/predictions-2013-2014-debut-du-cycle-des-nouvelles-cultures-et-des-nouveaux-usages-de-linformation\/","title":{"rendered":"Pr\u00e9dictions 2013-2014 : Le cycle des nouvelles cultures et des nouveaux usages de l&rsquo;information"},"content":{"rendered":"<p style=\"text-align: justify;\"><a href=\"https:\/\/i0.wp.com\/3org.com\/news\/wp-content\/uploads\/Ghost-in-the-shell.jpg?ssl=1\"><img data-recalc-dims=\"1\" loading=\"lazy\" decoding=\"async\" class=\"alignleft size-full wp-image-2337\" src=\"https:\/\/i0.wp.com\/3org.com\/news\/wp-content\/uploads\/Ghost-in-the-shell.jpg?resize=240%2C134&#038;ssl=1\" alt=\"Ghost in the shell\" width=\"240\" height=\"134\" \/><\/a>Un client me disait, en parlant des nouveaux usages : \u00ab\u00a0D&rsquo;ailleurs, <strong>quand est-ce que ces nouveaux usages ne seront plus nouveaux<\/strong> ?\u00a0\u00bb, sous entendu, comment savoir de quels nouveaux usages il s&rsquo;agit, consid\u00e9rant que les usages \u00e9voluent tout le temps !<\/p>\n<p style=\"text-align: justify;\">Bref, pour ceux d&rsquo;aujourd&rsquo;hui, clairement, la mobilit\u00e9 et les usages associ\u00e9s vont devenir juste encore plus communs et partie int\u00e9grante du paysage; ils vont surtout permettre de <strong>franchir de nouveaux paliers<\/strong>, certains intimement li\u00e9s \u00e0 notre soci\u00e9t\u00e9 et individualit\u00e9. Parmi ces paliers, ceux qui autoriseront les usages orient\u00e9s \u00ab\u00a0rapprochement de la technologie et de l&rsquo;humain\u00a0\u00bb. Vous connaissez <a href=\"http:\/\/www.ghostintheshell.tv\/\" target=\"_blank\" rel=\"noopener\">Gost in the shell<\/a> de <a href=\"http:\/\/fr.wikipedia.org\/wiki\/Masamune_Shirow\" target=\"_blank\" rel=\"noopener\">Masamune Shirow<\/a> ? Et bien nous y sommes presque. Dans quelle mesure allons-nous <strong>faire \u00e9voluer notre corps pour y inclure des fonctionnalit\u00e9s suppl\u00e9mentaires<\/strong>. Il y a eu les tatouages, puis le piercing, prochaine \u00e9tape l\u2019andro\u00efde, chiche ? Entre nous, ce n&rsquo;est qu&rsquo;une question de temps. Sans parler de la gouvernance de l&rsquo;information que cela n\u00e9cessite.<\/p>\n<p style=\"text-align: justify;\">Cela vous fait froid dans le dos, j\u2019en connais que cela fait r\u00eaver, <strong>question de g\u00e9n\u00e9ration, question d\u2019\u00e9volution, question d&rsquo;usages<\/strong>. Pour 2016, le <a href=\"http:\/\/www.gartner.com\/it\/page.jsp?id=2211115\" target=\"_blank\" rel=\"noopener\">Gartner <\/a>pr\u00e9voit un march\u00e9 de 10 milliard de $ ! &#8211; Rassurons en certains un peu quand m\u00eame, cela inclus l\u2019\u00e9lectronique \u00ab intelligente \u00bb dans les v\u00eatements aussi, pas que sous la peau ! &#8211; Cela est-il aussi de la mobilit\u00e9 ?<\/p>\n<p style=\"text-align: justify;\">Ceci am\u00e8ne \u00e0 consid\u00e9rer plus fortement <strong>la notion de donn\u00e9es personnelles<\/strong>, qui va continuer d\u2019\u00eatre vraiment tr\u00e8s \u00e0 la mode. Avec les \u00e9volutions 2.0, les r\u00e9seaux sociaux, les usages induisant une auto valorisation et une confiance accrue dans la technologie, nous nous \u00e9talons de plus en plus. Et plus il y a de confiture, et plus la tartine va se retourner du mauvais c\u00f4t\u00e9, et plus <strong>cela va faire \u00ab splash \u00bb<\/strong>.<\/p>\n<p style=\"text-align: justify;\">Qu\u2019\u00e0 cela ne tienne, <strong>la r\u00e9gulation va s\u2019intensifier<\/strong>. Tant pis ou tant mieux, une chose est s\u00fbre, cela devient de plus en plus complexe \u00e0 g\u00e9rer pour nos organisations :<\/p>\n<ul>\n<li>Au niveau commerce et marketing, car l<strong>\u2019utilisateur de l\u2019information va lui-m\u00eame complexifier son fonctionnement<\/strong> ainsi que sa diffusion d\u2019informations au combien pr\u00e9cieuses pour vendre,<\/li>\n<li>Au niveau de la DSI qui va devoir se transformer rapidement si elle ne souhaite pas (ne doit pas) rester en bout de cha\u00eene \u2026 \u00ab alimentaire \u00bb,<\/li>\n<li>Au niveau des silos d&rsquo;<strong>experts<\/strong> de l&rsquo;information (CIL, s\u00e9curit\u00e9, contr\u00f4le interne, conservation, RSE, &#8230;), <strong>qui devront communiquer et travailler ensemble<\/strong> avec une maille de plus en plus complexe (tous les experts avec tous les experts)<\/li>\n<\/ul>\n<p style=\"text-align: justify;\">D&rsquo;ailleurs, en parlant de donn\u00e9es personnelles, si 2012 a \u00e9t\u00e9 l\u2019ann\u00e9e du <a href=\"http:\/\/fr.wikipedia.org\/wiki\/BYOD\" target=\"_blank\" rel=\"noopener\">BYOD<\/a> (bring your own device), 2013 va devenir celle du <strong>BYOS<\/strong>, car adapt\u00e9 aux services; c\u2019est d\u2019ailleurs la transformation d\u2019une ancienne tendance \u00e0 une \u00e9chelle plus large au sein de l\u2019entreprise et cela s\u2019appelle <strong>Shadow IT<\/strong> (Voir le dossier de <a href=\"http:\/\/hensen.fr\/\" target=\"_blank\" rel=\"noopener\">Fabien Grenet<\/a> dans le <a href=\"http:\/\/www.gouvinfo.org\/IAI\" target=\"_blank\" rel=\"noopener\">livre GouvInfo 2013<\/a>). Par exemple, j\u2019ai install\u00e9 chez moi mon cloud priv\u00e9, et acc\u00e8de \u00e0 un certain nombre de services dans le cadre de mon travail, le tout \u00e0 partir du web, simple et super pratique. Comment la DSI va-t-elle g\u00e9rer cela, et <strong>si mes services g\u00e8rent des aspects de ma vie priv\u00e9e en plus de m&rsquo;offrir des r\u00e9ponses professionnelles<\/strong> (des processus sur des adresses par exemple), comment cela pourra-t-il \u00eatre g\u00e9r\u00e9 ? (Voir aussi\u00a0<a title=\"DSI-DMI-GouvInfo, le choc des Titans\" href=\"https:\/\/3org.com\/news\/gouvernance\/predictions-2013-2014-dsi-dmi-gouvinfo-le-choc-des-titans\/\" target=\"_blank\" rel=\"noopener\">DSI-DMI-GouvInfo, le choc des Titans)<\/a> &#8211; G\u00e9rer des services dont on est pas propri\u00e9taire alors que d\u00e9j\u00e0 on a du mal \u00e0 g\u00e9rer nos offres en interne est de la science fiction. Il est donc question d&rsquo;augmenter les curseurs sur cette maitrise qu&rsquo;un centre d&rsquo;offre (de services riches &#8211; Voir <a title=\"DSI, contribuez \u00e0 la gouvernance de l\u2019information avec des Offres de Services Riches \u2013 Faites \u00e9voluer les offres de services traditionnelles\" href=\"https:\/\/3org.com\/news\/gouvernance\/dsi-contribuez-la-gouvernance-de-linformation-avec-des-offres-de-services-richesfaites-voluer-les-offres-de-services-traditionnelles\/\" target=\"_blank\" rel=\"noopener\">OSR<\/a>) peut offrir, et ce n&rsquo;est pas forc\u00e9ment la DSI qui peut faire cela.<\/p>\n<p style=\"text-align: justify;\">Concernant ces DSI, justement qui faisaient le grand \u00e9cart, c\u2019est maintenant encore plus fort, et nous allons plut\u00f4t parler d\u2019\u00e9lasticit\u00e9. Elles vont devoir \u00eatre tellement souples et couvrir tellement de terrains qu<strong>\u2019elles en deviendront potentiellement trop flasques<\/strong> pour faire quoi que ce soit de qualitatif ! \u2013 inconcevable, pour elles et pour l\u2019organisation, cela doit bouger.<\/p>\n<p style=\"text-align: justify;\">Nous entrons \u00e0 peine dans <strong>l\u2019\u0153il du cyclone des usages<\/strong>. Ccela va tr\u00e8s vite, apporte \u00e9norm\u00e9ment de risques et d\u2019opportunit\u00e9s, devient extr\u00eamement complexe, de plus en plus, et cela ne va pas s\u2019arr\u00eater. Un rep\u00e8re pour ne pas se faire balayer : <strong>l\u2019information. <\/strong>Encore faut-il la consid\u00e9rer comme<strong> un flux devant \u00eatre maitris\u00e9. <\/strong>Humm, vous ai je d\u00e9j\u00e0 parl\u00e9 de gouvernance de l&rsquo;information ?<\/p>\n<p style=\"text-align: center;\"><a href=\"https:\/\/i0.wp.com\/3org.com\/news\/wp-content\/uploads\/Ghost-in-the-shell-le-rieur-GouvInfo.jpg?ssl=1\"><img data-recalc-dims=\"1\" loading=\"lazy\" decoding=\"async\" class=\"size-full wp-image-2338 aligncenter\" src=\"https:\/\/i0.wp.com\/3org.com\/news\/wp-content\/uploads\/Ghost-in-the-shell-le-rieur-GouvInfo.jpg?resize=129%2C96&#038;ssl=1\" alt=\"Ghost in the shell - le rieur - GouvInfo\" width=\"129\" height=\"96\" \/><\/a><\/p>\n","protected":false},"excerpt":{"rendered":"<p>Un client me disait, en parlant des nouveaux usages : \u00ab\u00a0D&rsquo;ailleurs, quand est-ce que ces nouveaux usages ne seront plus nouveaux ?\u00a0\u00bb, sous entendu, comment savoir de quels nouveaux usages il s&rsquo;agit, consid\u00e9rant que les usages \u00e9voluent tout le temps ! Bref, pour ceux d&rsquo;aujourd&rsquo;hui, clairement, la mobilit\u00e9 et les usages associ\u00e9s vont devenir juste [&hellip;]<\/p>\n","protected":false},"author":4,"featured_media":2337,"comment_status":"open","ping_status":"closed","sticky":false,"template":"","format":"standard","meta":{"_et_pb_use_builder":"","_et_pb_old_content":"","_et_gb_content_width":"","jetpack_post_was_ever_published":false,"_jetpack_newsletter_access":"","_jetpack_dont_email_post_to_subs":false,"_jetpack_newsletter_tier_id":0,"_jetpack_memberships_contains_paywalled_content":false,"_jetpack_memberships_contains_paid_content":false,"footnotes":""},"categories":[57],"tags":[275,276,277,278,279,280,64,147,222,226],"class_list":["post-2615","post","type-post","status-publish","format-standard","has-post-thumbnail","hentry","category-culture_et_usages","tag-cyborg","tag-donnees-personnelles","tag-dsi","tag-electronique","tag-futur","tag-ghost-in-the-shell","tag-gouvernance-de-linformation","tag-gouvernance-des-donnees","tag-mobilite","tag-predictions"],"yoast_head":"<!-- This site is optimized with the Yoast SEO plugin v27.5 - https:\/\/yoast.com\/product\/yoast-seo-wordpress\/ -->\n<title>Pr\u00e9dictions 2013-2014 : Le cycle des nouvelles cultures et des nouveaux usages de l&#039;information - 3org - Mentorat en gouvernance de l&#039;information<\/title>\n<meta name=\"robots\" content=\"index, follow, max-snippet:-1, max-image-preview:large, max-video-preview:-1\" \/>\n<link rel=\"canonical\" href=\"https:\/\/3org.com\/site\/predictions-2013-2014-debut-du-cycle-des-nouvelles-cultures-et-des-nouveaux-usages-de-linformation\/\" \/>\n<meta property=\"og:locale\" content=\"fr_FR\" \/>\n<meta property=\"og:type\" content=\"article\" \/>\n<meta property=\"og:title\" content=\"Pr\u00e9dictions 2013-2014 : Le cycle des nouvelles cultures et des nouveaux usages de l&#039;information - 3org - Mentorat en gouvernance de l&#039;information\" \/>\n<meta property=\"og:description\" content=\"Un client me disait, en parlant des nouveaux usages : \u00ab\u00a0D&rsquo;ailleurs, quand est-ce que ces nouveaux usages ne seront plus nouveaux ?\u00a0\u00bb, sous entendu, comment savoir de quels nouveaux usages il s&rsquo;agit, consid\u00e9rant que les usages \u00e9voluent tout le temps ! Bref, pour ceux d&rsquo;aujourd&rsquo;hui, clairement, la mobilit\u00e9 et les usages associ\u00e9s vont devenir juste [&hellip;]\" \/>\n<meta property=\"og:url\" content=\"https:\/\/3org.com\/site\/predictions-2013-2014-debut-du-cycle-des-nouvelles-cultures-et-des-nouveaux-usages-de-linformation\/\" \/>\n<meta property=\"og:site_name\" content=\"3org - Mentorat en gouvernance de l&#039;information\" \/>\n<meta property=\"article:published_time\" content=\"2013-01-05T03:05:01+00:00\" \/>\n<meta name=\"author\" content=\"Jean-Pascal Perrein\" \/>\n<meta name=\"twitter:card\" content=\"summary_large_image\" \/>\n<meta name=\"twitter:label1\" content=\"\u00c9crit par\" \/>\n\t<meta name=\"twitter:data1\" content=\"Jean-Pascal Perrein\" \/>\n\t<meta name=\"twitter:label2\" content=\"Dur\u00e9e de lecture estim\u00e9e\" \/>\n\t<meta name=\"twitter:data2\" content=\"4 minutes\" \/>\n<script type=\"application\/ld+json\" class=\"yoast-schema-graph\">{\"@context\":\"https:\\\/\\\/schema.org\",\"@graph\":[{\"@type\":\"Article\",\"@id\":\"https:\\\/\\\/3org.com\\\/site\\\/predictions-2013-2014-debut-du-cycle-des-nouvelles-cultures-et-des-nouveaux-usages-de-linformation\\\/#article\",\"isPartOf\":{\"@id\":\"https:\\\/\\\/3org.com\\\/site\\\/predictions-2013-2014-debut-du-cycle-des-nouvelles-cultures-et-des-nouveaux-usages-de-linformation\\\/\"},\"author\":{\"name\":\"Jean-Pascal Perrein\",\"@id\":\"https:\\\/\\\/3org.com\\\/site\\\/#\\\/schema\\\/person\\\/56d9592478497c0aa430d9f866b0d3df\"},\"headline\":\"Pr\u00e9dictions 2013-2014 : Le cycle des nouvelles cultures et des nouveaux usages de l&rsquo;information\",\"datePublished\":\"2013-01-05T03:05:01+00:00\",\"mainEntityOfPage\":{\"@id\":\"https:\\\/\\\/3org.com\\\/site\\\/predictions-2013-2014-debut-du-cycle-des-nouvelles-cultures-et-des-nouveaux-usages-de-linformation\\\/\"},\"wordCount\":798,\"commentCount\":0,\"publisher\":{\"@id\":\"https:\\\/\\\/3org.com\\\/site\\\/#organization\"},\"image\":{\"@id\":\"https:\\\/\\\/3org.com\\\/site\\\/predictions-2013-2014-debut-du-cycle-des-nouvelles-cultures-et-des-nouveaux-usages-de-linformation\\\/#primaryimage\"},\"thumbnailUrl\":\"\",\"keywords\":[\"cyborg\",\"donn\u00e9es personnelles\",\"DSI\",\"electronique\",\"futur\",\"ghost in the shell\",\"Gouvernance de l'information\",\"gouvernance des donn\u00e9es\",\"Mobilit\u00e9\",\"predictions\"],\"articleSection\":[\"Culture et Usages\"],\"inLanguage\":\"fr-FR\",\"potentialAction\":[{\"@type\":\"CommentAction\",\"name\":\"Comment\",\"target\":[\"https:\\\/\\\/3org.com\\\/site\\\/predictions-2013-2014-debut-du-cycle-des-nouvelles-cultures-et-des-nouveaux-usages-de-linformation\\\/#respond\"]}]},{\"@type\":\"WebPage\",\"@id\":\"https:\\\/\\\/3org.com\\\/site\\\/predictions-2013-2014-debut-du-cycle-des-nouvelles-cultures-et-des-nouveaux-usages-de-linformation\\\/\",\"url\":\"https:\\\/\\\/3org.com\\\/site\\\/predictions-2013-2014-debut-du-cycle-des-nouvelles-cultures-et-des-nouveaux-usages-de-linformation\\\/\",\"name\":\"Pr\u00e9dictions 2013-2014 : Le cycle des nouvelles cultures et des nouveaux usages de l'information - 3org - Mentorat en gouvernance de l&#039;information\",\"isPartOf\":{\"@id\":\"https:\\\/\\\/3org.com\\\/site\\\/#website\"},\"primaryImageOfPage\":{\"@id\":\"https:\\\/\\\/3org.com\\\/site\\\/predictions-2013-2014-debut-du-cycle-des-nouvelles-cultures-et-des-nouveaux-usages-de-linformation\\\/#primaryimage\"},\"image\":{\"@id\":\"https:\\\/\\\/3org.com\\\/site\\\/predictions-2013-2014-debut-du-cycle-des-nouvelles-cultures-et-des-nouveaux-usages-de-linformation\\\/#primaryimage\"},\"thumbnailUrl\":\"\",\"datePublished\":\"2013-01-05T03:05:01+00:00\",\"breadcrumb\":{\"@id\":\"https:\\\/\\\/3org.com\\\/site\\\/predictions-2013-2014-debut-du-cycle-des-nouvelles-cultures-et-des-nouveaux-usages-de-linformation\\\/#breadcrumb\"},\"inLanguage\":\"fr-FR\",\"potentialAction\":[{\"@type\":\"ReadAction\",\"target\":[\"https:\\\/\\\/3org.com\\\/site\\\/predictions-2013-2014-debut-du-cycle-des-nouvelles-cultures-et-des-nouveaux-usages-de-linformation\\\/\"]}]},{\"@type\":\"ImageObject\",\"inLanguage\":\"fr-FR\",\"@id\":\"https:\\\/\\\/3org.com\\\/site\\\/predictions-2013-2014-debut-du-cycle-des-nouvelles-cultures-et-des-nouveaux-usages-de-linformation\\\/#primaryimage\",\"url\":\"\",\"contentUrl\":\"\"},{\"@type\":\"BreadcrumbList\",\"@id\":\"https:\\\/\\\/3org.com\\\/site\\\/predictions-2013-2014-debut-du-cycle-des-nouvelles-cultures-et-des-nouveaux-usages-de-linformation\\\/#breadcrumb\",\"itemListElement\":[{\"@type\":\"ListItem\",\"position\":1,\"name\":\"Accueil\",\"item\":\"https:\\\/\\\/3org.com\\\/site\\\/\"},{\"@type\":\"ListItem\",\"position\":2,\"name\":\"Pr\u00e9dictions 2013-2014 : Le cycle des nouvelles cultures et des nouveaux usages de l&rsquo;information\"}]},{\"@type\":\"WebSite\",\"@id\":\"https:\\\/\\\/3org.com\\\/site\\\/#website\",\"url\":\"https:\\\/\\\/3org.com\\\/site\\\/\",\"name\":\"3org - Mentorat en gouvernance de l&#039;information\",\"description\":\"3org Conseil et mentorat en gestion du flux Information et gouvernance de l&#039;information\",\"publisher\":{\"@id\":\"https:\\\/\\\/3org.com\\\/site\\\/#organization\"},\"potentialAction\":[{\"@type\":\"SearchAction\",\"target\":{\"@type\":\"EntryPoint\",\"urlTemplate\":\"https:\\\/\\\/3org.com\\\/site\\\/?s={search_term_string}\"},\"query-input\":{\"@type\":\"PropertyValueSpecification\",\"valueRequired\":true,\"valueName\":\"search_term_string\"}}],\"inLanguage\":\"fr-FR\"},{\"@type\":\"Organization\",\"@id\":\"https:\\\/\\\/3org.com\\\/site\\\/#organization\",\"name\":\"3org\",\"url\":\"https:\\\/\\\/3org.com\\\/site\\\/\",\"logo\":{\"@type\":\"ImageObject\",\"inLanguage\":\"fr-FR\",\"@id\":\"https:\\\/\\\/3org.com\\\/site\\\/#\\\/schema\\\/logo\\\/image\\\/\",\"url\":\"https:\\\/\\\/i0.wp.com\\\/3org.com\\\/site\\\/wp-content\\\/uploads\\\/2015\\\/04\\\/Logo-3org-HR-Trans.png?fit=1172%2C459&ssl=1\",\"contentUrl\":\"https:\\\/\\\/i0.wp.com\\\/3org.com\\\/site\\\/wp-content\\\/uploads\\\/2015\\\/04\\\/Logo-3org-HR-Trans.png?fit=1172%2C459&ssl=1\",\"width\":1172,\"height\":459,\"caption\":\"3org\"},\"image\":{\"@id\":\"https:\\\/\\\/3org.com\\\/site\\\/#\\\/schema\\\/logo\\\/image\\\/\"}},{\"@type\":\"Person\",\"@id\":\"https:\\\/\\\/3org.com\\\/site\\\/#\\\/schema\\\/person\\\/56d9592478497c0aa430d9f866b0d3df\",\"name\":\"Jean-Pascal Perrein\",\"sameAs\":[\"http:\\\/\\\/www.3org.com\"],\"url\":\"https:\\\/\\\/3org.com\\\/site\\\/author\\\/admin\\\/\"}]}<\/script>\n<!-- \/ Yoast SEO plugin. -->","yoast_head_json":{"title":"Pr\u00e9dictions 2013-2014 : Le cycle des nouvelles cultures et des nouveaux usages de l'information - 3org - Mentorat en gouvernance de l&#039;information","robots":{"index":"index","follow":"follow","max-snippet":"max-snippet:-1","max-image-preview":"max-image-preview:large","max-video-preview":"max-video-preview:-1"},"canonical":"https:\/\/3org.com\/site\/predictions-2013-2014-debut-du-cycle-des-nouvelles-cultures-et-des-nouveaux-usages-de-linformation\/","og_locale":"fr_FR","og_type":"article","og_title":"Pr\u00e9dictions 2013-2014 : Le cycle des nouvelles cultures et des nouveaux usages de l'information - 3org - Mentorat en gouvernance de l&#039;information","og_description":"Un client me disait, en parlant des nouveaux usages : \u00ab\u00a0D&rsquo;ailleurs, quand est-ce que ces nouveaux usages ne seront plus nouveaux ?\u00a0\u00bb, sous entendu, comment savoir de quels nouveaux usages il s&rsquo;agit, consid\u00e9rant que les usages \u00e9voluent tout le temps ! Bref, pour ceux d&rsquo;aujourd&rsquo;hui, clairement, la mobilit\u00e9 et les usages associ\u00e9s vont devenir juste [&hellip;]","og_url":"https:\/\/3org.com\/site\/predictions-2013-2014-debut-du-cycle-des-nouvelles-cultures-et-des-nouveaux-usages-de-linformation\/","og_site_name":"3org - Mentorat en gouvernance de l&#039;information","article_published_time":"2013-01-05T03:05:01+00:00","author":"Jean-Pascal Perrein","twitter_card":"summary_large_image","twitter_misc":{"\u00c9crit par":"Jean-Pascal Perrein","Dur\u00e9e de lecture estim\u00e9e":"4 minutes"},"schema":{"@context":"https:\/\/schema.org","@graph":[{"@type":"Article","@id":"https:\/\/3org.com\/site\/predictions-2013-2014-debut-du-cycle-des-nouvelles-cultures-et-des-nouveaux-usages-de-linformation\/#article","isPartOf":{"@id":"https:\/\/3org.com\/site\/predictions-2013-2014-debut-du-cycle-des-nouvelles-cultures-et-des-nouveaux-usages-de-linformation\/"},"author":{"name":"Jean-Pascal Perrein","@id":"https:\/\/3org.com\/site\/#\/schema\/person\/56d9592478497c0aa430d9f866b0d3df"},"headline":"Pr\u00e9dictions 2013-2014 : Le cycle des nouvelles cultures et des nouveaux usages de l&rsquo;information","datePublished":"2013-01-05T03:05:01+00:00","mainEntityOfPage":{"@id":"https:\/\/3org.com\/site\/predictions-2013-2014-debut-du-cycle-des-nouvelles-cultures-et-des-nouveaux-usages-de-linformation\/"},"wordCount":798,"commentCount":0,"publisher":{"@id":"https:\/\/3org.com\/site\/#organization"},"image":{"@id":"https:\/\/3org.com\/site\/predictions-2013-2014-debut-du-cycle-des-nouvelles-cultures-et-des-nouveaux-usages-de-linformation\/#primaryimage"},"thumbnailUrl":"","keywords":["cyborg","donn\u00e9es personnelles","DSI","electronique","futur","ghost in the shell","Gouvernance de l'information","gouvernance des donn\u00e9es","Mobilit\u00e9","predictions"],"articleSection":["Culture et Usages"],"inLanguage":"fr-FR","potentialAction":[{"@type":"CommentAction","name":"Comment","target":["https:\/\/3org.com\/site\/predictions-2013-2014-debut-du-cycle-des-nouvelles-cultures-et-des-nouveaux-usages-de-linformation\/#respond"]}]},{"@type":"WebPage","@id":"https:\/\/3org.com\/site\/predictions-2013-2014-debut-du-cycle-des-nouvelles-cultures-et-des-nouveaux-usages-de-linformation\/","url":"https:\/\/3org.com\/site\/predictions-2013-2014-debut-du-cycle-des-nouvelles-cultures-et-des-nouveaux-usages-de-linformation\/","name":"Pr\u00e9dictions 2013-2014 : Le cycle des nouvelles cultures et des nouveaux usages de l'information - 3org - Mentorat en gouvernance de l&#039;information","isPartOf":{"@id":"https:\/\/3org.com\/site\/#website"},"primaryImageOfPage":{"@id":"https:\/\/3org.com\/site\/predictions-2013-2014-debut-du-cycle-des-nouvelles-cultures-et-des-nouveaux-usages-de-linformation\/#primaryimage"},"image":{"@id":"https:\/\/3org.com\/site\/predictions-2013-2014-debut-du-cycle-des-nouvelles-cultures-et-des-nouveaux-usages-de-linformation\/#primaryimage"},"thumbnailUrl":"","datePublished":"2013-01-05T03:05:01+00:00","breadcrumb":{"@id":"https:\/\/3org.com\/site\/predictions-2013-2014-debut-du-cycle-des-nouvelles-cultures-et-des-nouveaux-usages-de-linformation\/#breadcrumb"},"inLanguage":"fr-FR","potentialAction":[{"@type":"ReadAction","target":["https:\/\/3org.com\/site\/predictions-2013-2014-debut-du-cycle-des-nouvelles-cultures-et-des-nouveaux-usages-de-linformation\/"]}]},{"@type":"ImageObject","inLanguage":"fr-FR","@id":"https:\/\/3org.com\/site\/predictions-2013-2014-debut-du-cycle-des-nouvelles-cultures-et-des-nouveaux-usages-de-linformation\/#primaryimage","url":"","contentUrl":""},{"@type":"BreadcrumbList","@id":"https:\/\/3org.com\/site\/predictions-2013-2014-debut-du-cycle-des-nouvelles-cultures-et-des-nouveaux-usages-de-linformation\/#breadcrumb","itemListElement":[{"@type":"ListItem","position":1,"name":"Accueil","item":"https:\/\/3org.com\/site\/"},{"@type":"ListItem","position":2,"name":"Pr\u00e9dictions 2013-2014 : Le cycle des nouvelles cultures et des nouveaux usages de l&rsquo;information"}]},{"@type":"WebSite","@id":"https:\/\/3org.com\/site\/#website","url":"https:\/\/3org.com\/site\/","name":"3org - Mentorat en gouvernance de l&#039;information","description":"3org Conseil et mentorat en gestion du flux Information et gouvernance de l&#039;information","publisher":{"@id":"https:\/\/3org.com\/site\/#organization"},"potentialAction":[{"@type":"SearchAction","target":{"@type":"EntryPoint","urlTemplate":"https:\/\/3org.com\/site\/?s={search_term_string}"},"query-input":{"@type":"PropertyValueSpecification","valueRequired":true,"valueName":"search_term_string"}}],"inLanguage":"fr-FR"},{"@type":"Organization","@id":"https:\/\/3org.com\/site\/#organization","name":"3org","url":"https:\/\/3org.com\/site\/","logo":{"@type":"ImageObject","inLanguage":"fr-FR","@id":"https:\/\/3org.com\/site\/#\/schema\/logo\/image\/","url":"https:\/\/i0.wp.com\/3org.com\/site\/wp-content\/uploads\/2015\/04\/Logo-3org-HR-Trans.png?fit=1172%2C459&ssl=1","contentUrl":"https:\/\/i0.wp.com\/3org.com\/site\/wp-content\/uploads\/2015\/04\/Logo-3org-HR-Trans.png?fit=1172%2C459&ssl=1","width":1172,"height":459,"caption":"3org"},"image":{"@id":"https:\/\/3org.com\/site\/#\/schema\/logo\/image\/"}},{"@type":"Person","@id":"https:\/\/3org.com\/site\/#\/schema\/person\/56d9592478497c0aa430d9f866b0d3df","name":"Jean-Pascal Perrein","sameAs":["http:\/\/www.3org.com"],"url":"https:\/\/3org.com\/site\/author\/admin\/"}]}},"jetpack_featured_media_url":"","jetpack_shortlink":"https:\/\/wp.me\/p3WHv2-Gb","jetpack_sharing_enabled":true,"_links":{"self":[{"href":"https:\/\/3org.com\/site\/wp-json\/wp\/v2\/posts\/2615","targetHints":{"allow":["GET"]}}],"collection":[{"href":"https:\/\/3org.com\/site\/wp-json\/wp\/v2\/posts"}],"about":[{"href":"https:\/\/3org.com\/site\/wp-json\/wp\/v2\/types\/post"}],"author":[{"embeddable":true,"href":"https:\/\/3org.com\/site\/wp-json\/wp\/v2\/users\/4"}],"replies":[{"embeddable":true,"href":"https:\/\/3org.com\/site\/wp-json\/wp\/v2\/comments?post=2615"}],"version-history":[{"count":0,"href":"https:\/\/3org.com\/site\/wp-json\/wp\/v2\/posts\/2615\/revisions"}],"wp:featuredmedia":[{"embeddable":true,"href":"https:\/\/3org.com\/site\/wp-json\/"}],"wp:attachment":[{"href":"https:\/\/3org.com\/site\/wp-json\/wp\/v2\/media?parent=2615"}],"wp:term":[{"taxonomy":"category","embeddable":true,"href":"https:\/\/3org.com\/site\/wp-json\/wp\/v2\/categories?post=2615"},{"taxonomy":"post_tag","embeddable":true,"href":"https:\/\/3org.com\/site\/wp-json\/wp\/v2\/tags?post=2615"}],"curies":[{"name":"wp","href":"https:\/\/api.w.org\/{rel}","templated":true}]}}