{"id":855,"date":"2011-01-01T00:01:22","date_gmt":"2010-12-31T22:01:22","guid":{"rendered":"http:\/\/www.3org.com\/news\/?p=855"},"modified":"2011-01-01T00:01:22","modified_gmt":"2010-12-31T22:01:22","slug":"gestion-et-gouvernance-de-linformation-predictions-2011-2012","status":"publish","type":"post","link":"https:\/\/3org.com\/site\/gestion-et-gouvernance-de-linformation-predictions-2011-2012\/","title":{"rendered":"Pr\u00e9dictions 2011-2012 : Gestion et gouvernance de l\u2019information"},"content":{"rendered":"<p>&nbsp;<\/p>\n<p>Que cela soit au niveau technique, m\u00e9tier ou organisationnel, plus on avance dans le temps, plus l\u2019information et ses usages deviennent un centre d\u2019int\u00e9r\u00eat majeur, plus il devient n\u00e9cessaire de monter les curseurs sur tout ce qui permet sa maitrise.<\/p>\n<p>Ces prochaines ann\u00e9es vont confirmer le passage de l\u2019\u00e8re du quantitatif \u00e0 l\u2019\u00e8re du qualitatif, enfin ! Le d\u00e9veloppement durable perdra d\u00e9finitivement son image \u201cmode\u201d ou \u201cargument de vente\u201d, et s\u2019int\u00e8grera d\u00e9finitivement \u00e0 la cr\u00e9ation de valeur. La gouvernance de l\u2019information deviendra un investissement n\u00e9cessaire pour gagner un meilleure service, valoriser son image et rester concurrentiel. Afin d\u2019\u00eatre plus facilement utilisable, l\u2019information deviendra plus intelligente et plus autonome et sa maitrise par les organisations pr\u00e9parera le terrain \u00e0 une nouvelle r\u00e9volution dans son usage, sa conception et son cycle de vie.<\/p>\n<p>&nbsp;<\/p>\n<p><strong>Les fondamentaux et la gouvernance de l\u2019information<\/strong><\/p>\n<p style=\"text-align: justify;\"><a href=\"https:\/\/i0.wp.com\/3org.com\/news\/wp-content\/uploads\/391753Genealogy-Logo.jpg?ssl=1\"><img data-recalc-dims=\"1\" decoding=\"async\" style=\"background-image: none; border: 0px none; margin: 2px 10px 5px 0px; padding-left: 0px; width: 106px; padding-right: 0px; display: inline; float: left; height: 112px; padding-top: 0px;\" title=\"391753Genealogy-Logo\" src=\"https:\/\/i0.wp.com\/3org.com\/news\/wp-content\/uploads\/391753Genealogy-Logo_thumb.jpg?w=1080&#038;ssl=1\" alt=\"391753Genealogy-Logo\" align=\"left\" border=\"0\" \/><\/a>L\u2019explosion des volumes d\u2019information, le poids des instances de r\u00e9gulation, la pression des march\u00e9s vers plus de qualitatif, les \u00e9volutions culturelles vers de nouveaux usages (mobile, r\u00e9seaux sociaux, ..), l\u2019indiff\u00e9renciation des informations documentaire ou en base de donn\u00e9es, la sortie de crise et donc l\u2019anticipation d\u2019une reprise, \u2026 . Tout ceci conduit \u00e0 monter les curseurs sur ce qui permettra <a title=\"R\u00e9seaux sociaux,GED, Archivage, Collaboratifs, Workflow, Email, ce sont tous les m\u00eames !\" href=\"https:\/\/3org.com\/news\/culture_et_usages\/reseaux-sociauxged-archivage-collaboratifs-workflow-email-ce-sont-tous-les-memes\/\">de mieux maitriser l\u2019information d\u2019entreprise<\/a>. La gouvernance de l\u2019information commence \u00e0 se comprendre, elle porte encore plusieurs visages segment\u00e9s (Risque, Records Management, Juridique, S\u00e9curit\u00e9, \u00e0 travers le pilotage des projets, ..). Son adoption par les organisations reste sur une phase de croissance, elle devrait commencer \u00e0 accentuer sa mise en place ces prochaines ann\u00e9es, en s\u2019appuyant sur des moteurs comme :<\/p>\n<ul>\n<li>\n<div style=\"text-align: justify;\">La maitrise des silos incontr\u00f4l\u00e9s d\u2019informations qui deviennent une des pr\u00e9occupations majeurs des organisations. Cela pourrait avoir des effets de bord vis \u00e0 vis des outils permettant de d\u00e9cliner des r\u00e8gles de gouvernance, et les favoriser par rapport \u00e0 d\u2019autres fonctionnellement plus all\u00e9chants mais, \u00e0 terme, dangereux (ceci impliquera une \u00e9volution du march\u00e9 des \u00e9diteurs de solutions).<\/div>\n<\/li>\n<li>\n<div style=\"text-align: justify;\">L\u2019usage accentu\u00e9 de l\u2019information de plus en plus nombreuse et par de multiples outils, devrait accentuer l\u2019importance de normalisation autour des traitements et de la classification de l\u2019information. Notamment dans la d\u00e9finition des m\u00e9tadonn\u00e9es, ainsi que dans celle des fondamentaux autour de l\u2019information (l\u00e0 encore, une des composante de la gouvernance).<\/div>\n<\/li>\n<li>\n<div style=\"text-align: justify;\">Les actions de r\u00e9gulation vont s\u2019accentuer, induisant de plus fortes contraintes r\u00e8glementaires pour les entreprises. Les fonctions et outils autour de la gestion des risques se renforcent. La gouvernance de l\u2019information vue comme une obligation commence \u00e0 \u00eatre accept\u00e9e, voir d\u00e9ploy\u00e9e dans certaines organisations. Le r\u00f4le et l\u2019importance des juristes et de la gestion des risques se renforce aussi, tout en ne couvrant qu\u2019une partie de ce qui est n\u00e9cessaire.<\/div>\n<\/li>\n<\/ul>\n<p style=\"text-align: justify;\">La gouvernance prendra son envol, par l\u2019officialisation d\u2019\u00e9quipes existantes g\u00e9rant les fondamentaux autour de l\u2019information, par le d\u00e9veloppement de postes autour de l\u2019information (Records Manager, animateur de communaut\u00e9s, gestionnaire de risque, s\u00e9curit\u00e9, veille, ..), par la mise en place de fondamentaux notamment au niveau des r\u00e9f\u00e9rentiels, (d\u2019actifs informationnel, d\u2019exigence r\u00e8glementaire, ..), ainsi que par la mise en place des<strong> politiques de gestion d\u2019information<\/strong>, et r\u00e8gles de classification li\u00e9es aux diff\u00e9rentes familles d\u2019informations.<\/p>\n<ul>\n<li style=\"text-align: justify;\"><strong>L\u2019information, son usage et ses comportements d\u2019usage face aux m\u00e9tiers de l\u2019entreprise<\/strong><\/li>\n<\/ul>\n<p style=\"text-align: justify;\"><a href=\"https:\/\/i0.wp.com\/3org.com\/news\/wp-content\/uploads\/Cuistogif.gif?ssl=1\"><img data-recalc-dims=\"1\" decoding=\"async\" style=\"background-image: none; border: 0px none; margin: 2px 10px 5px 0px; padding-left: 0px; width: 105px; padding-right: 0px; display: inline; float: left; height: 111px; padding-top: 0px;\" title=\"Cuistogif\" src=\"https:\/\/i0.wp.com\/3org.com\/news\/wp-content\/uploads\/Cuistogif_thumb.gif?w=1080&#038;ssl=1\" alt=\"Cuistogif\" align=\"left\" border=\"0\" \/><\/a>A travers les \u00e9volutions des solutions de gestion d\u2019information, son traitement commence \u00e0 s\u2019affranchir de plus en plus du type de donn\u00e9e (structur\u00e9e ou non), permettant ainsi une plus grande pertinence dans sa restitution, ceci particuli\u00e8rement en terme de BI et de BPM. <strong>Le monde de l\u2019ECM \u00ab\u00a0s&rsquo;\u00e9teint\u00a0\u00bb<\/strong> \u00e0 cause de son explosion, il va continuer \u00e0 prendre en compte le monde de la donn\u00e9e (de nombreuses solutions d\u2019ECM traitent maintenant la donn\u00e9e, ou s\u2019int\u00e8grent fortement avec des solutions de gestion de donn\u00e9es). L\u2019EIM prendra le pas sur l\u2019ECM et l\u2019EDM, mais avec une connotation tr\u00e8s technique, surement verra-t-on apparaitre de nouveaux termes pour d\u00e9finir l\u2019ensemble des domaines traitant de fa\u00e7on mixte la donn\u00e9e et le contenu. Aimez vous ECDM ?<\/p>\n<p>L\u2019acc\u00e8s \u00e0 l\u2019information reste une priorit\u00e9, mais son utilisation devient de plus en plus difficile. La technologie va se d\u00e9velopper vers l\u2019aide \u00e0 l\u2019acc\u00e8s et le traitement automatique afin de faciliter l\u2019usage humain de l\u2019information. Du coup l\u2019information devient plus intelligente dans la mani\u00e8re dont elle est trait\u00e9e (on se rapproche de l\u2019<a title=\"Vive la r\u00e9volution ! \u2026 Informationnelle\" href=\"https:\/\/3org.com\/news\/gouvernance\/la-revolution-informationnelle-amene-l-information-intelligente-autonome\/\">Information Intelligente Autonome<\/a>)<a href=\"https:\/\/i0.wp.com\/3org.com\/news\/wp-content\/uploads\/Industrial-Robot.gif?ssl=1\"><img data-recalc-dims=\"1\" loading=\"lazy\" decoding=\"async\" style=\"background-image: none; border: 0px none; margin: 2px 0px 5px 10px; padding-left: 0px; padding-right: 0px; display: inline; float: right; padding-top: 0px;\" title=\"Industrial Robot\" src=\"https:\/\/i0.wp.com\/3org.com\/news\/wp-content\/uploads\/Industrial-Robot_thumb.gif?resize=114%2C120&#038;ssl=1\" alt=\"Industrial Robot\" width=\"114\" height=\"120\" align=\"right\" border=\"0\" \/><\/a>. Son organisation dans le temps est pr\u00e9vue \u00e0 l\u2019origine par ses r\u00e9f\u00e9rentiels et fondamentaux associ\u00e9s, permettant une \u00e9volution simple, rapide et efficace par ses utilisateurs. L\u2019usage des r\u00e9seaux sociaux devenant naturel et r\u00e9gulier, voir extr\u00eame, accentuera une \u00e9volution de culture vers la communication chirurgical et spontan\u00e9, ainsi qu\u2019une d\u00e9multiplication des contacts. De nombreux outils verront le jour afin de faciliter ces \u00e9changes, notamment en apportant <strong>une automatisation des \u00e9changes r\u00e9currents <\/strong>(\u00e9changes de politesses, de relance, de rayonnement, \u2026). La tendance sera \u00e0 moins de classification manuel, et \u00e0 un enrichissement de base enrichi dans le temps, mais de fa\u00e7on minimaliste par les utilisateurs.<\/p>\n<p><a href=\"https:\/\/i0.wp.com\/3org.com\/news\/wp-content\/uploads\/Bplan.jpg?ssl=1\"><img data-recalc-dims=\"1\" loading=\"lazy\" decoding=\"async\" style=\"background-image: none; border: 0px none; margin: 2px 0px 5px; padding-left: 0px; padding-right: 0px; display: inline; float: right; padding-top: 0px;\" title=\"Bplan\" src=\"https:\/\/i0.wp.com\/3org.com\/news\/wp-content\/uploads\/Bplan_thumb.jpg?resize=93%2C119&#038;ssl=1\" alt=\"Bplan\" width=\"93\" height=\"119\" align=\"right\" border=\"0\" \/><\/a>Tout ce qui touche aux rapports d\u2019usages commence \u00e0 devenir une priorit\u00e9 afin d\u2019augmenter la visibilit\u00e9 des mouvements d\u2019informations. A commencer par <strong>la qualit\u00e9 de service<\/strong>, pour ensuite se d\u00e9cliner sur la <strong>tra\u00e7abilit\u00e9 des \u00e9changes<\/strong> d\u2019information. Ceci permettra notamment l\u2019\u00e9volution des catalogues de services vers des<strong> catalogue d\u2019offres<\/strong>. Le ROI devient partie int\u00e9grante du suivi de l\u2019\u00e9volution des usages et surtout un outil de pilotage (<strong>Le ROI de projet comme la gestion \u00e9l\u00e9ctronique de document, de master Data Management, de R\u00e9seau Social, .. se transforme en Business Plan<\/strong>).<\/p>\n<p style=\"text-align: justify;\"><a title=\"On vit avec l\u2019information comme ces nouveaux aspirateurs robots !\" href=\"https:\/\/3org.com\/news\/culture_et_usages\/on-vit-avec-l%e2%80%99information-comme-des-nouveaux-robots-aspirateurs\/\">La culture du qualitatif augmente<\/a>, for\u00e7ant ainsi les organisations \u00e0 soigner leurs marques et faire \u00e9voluer leur chaine de valeur en incluant plus de suivi de bout en bout. Le BPM a des beaux jours devant lui, mais le conseil et l\u2019accompagnement en optimisation de processus et d\u2019information aussi. La notion de rayonnement et de contr\u00f4le de la marque devient une fonction int\u00e9gr\u00e9 \u00e0 l\u2019entreprise (cf. <a href=\"http:\/\/en.wikipedia.org\/wiki\/Online_community_manager\">Online Community manager<\/a>). Les budgets et investissements se r\u00e9organisent pour valoriser la qualit\u00e9, au niveau processus, applications mais aussi <strong>humain (cf. formation, embauche, coaching, ..)<\/strong>. Crise oblige, mais \u00e9volution du march\u00e9 oblige aussi, <strong>les actions de r\u00e9duction de couts deviennent des actions d\u2019optimisation de la qualit\u00e9, ou d\u2019innovation<\/strong>.<\/p>\n<ul>\n<li style=\"text-align: justify;\"><strong>Outils, services, applications et architectures<\/strong><\/li>\n<\/ul>\n<p style=\"text-align: justify;\"><a href=\"https:\/\/i0.wp.com\/3org.com\/news\/wp-content\/uploads\/doisneau-le-velo-de-tati-1949.jpg?ssl=1\"><img data-recalc-dims=\"1\" decoding=\"async\" style=\"background-image: none; border: 0px none; margin: 2px 10px 5px 0px; padding-left: 0px; width: 106px; padding-right: 0px; display: inline; float: left; height: 137px; padding-top: 0px;\" title=\"doisneau-le-velo-de-tati-1949\" src=\"https:\/\/i0.wp.com\/3org.com\/news\/wp-content\/uploads\/doisneau-le-velo-de-tati-1949_thumb.jpg?w=1080&#038;ssl=1\" alt=\"doisneau-le-velo-de-tati-1949\" align=\"left\" border=\"0\" \/><\/a>Des standards (comme <a href=\"http:\/\/www.oasis-open.org\/committees\/tc_home.php?wg_abbrev=cmis\">CMIS<\/a>) devraient permettre d\u2019acc\u00e9der avec plus de fiabilit\u00e9 aux silos d\u2019informations, des architectures distribu\u00e9es adapt\u00e9es aux outils dynamiques (comme le <a href=\"http:\/\/www.social-computing.com\/2010\/11\/12\/social-media-hub\/\">Social M\u00e9dia Hub<\/a>) vont commencer \u00e0 se d\u00e9velopper. Les tendances iront vers une <strong>centralisation virtuelle de l\u2019information<\/strong>, en ins\u00e9rant des technologies \u00e0 \u00e9changes bijectifs pour permettre des <strong>d<\/strong><strong>\u00e9clinaisons de r\u00e8gles de gouvernance<\/strong>, et faire transiter, ou lier les actifs informationnels d\u2019un silo \u00e0 un autre de fa\u00e7on automatique.<\/p>\n<p style=\"text-align: justify;\">Le Saas et Paas (et par effet de bord le Cloud publique\/priv\u00e9), se d\u00e9veloppent encore plus fortement. <strong>De nouveaux services avec de grands efforts d\u2019innovation voient le jour<\/strong>, mais le d\u00e9veloppement pourrait devenir un peu archa\u00efque, avec une profusion de nouveaux acteurs sur ce march\u00e9. Heureusement, crise aidant, la prudence devrait mod\u00e9rer cet enthousiasme, et laisser le temps aux organisations de mieux appr\u00e9hender ce mod\u00e8le (et <a title=\"Information Management Prediction for 2010-2011\" href=\"https:\/\/3org.com\/news\/gouvernance\/information-management-prediction-for-2010-2011\/\"><strong>aux DSI de se transformer<\/strong><\/a>). Le plateau de productivit\u00e9 du Hype Cycle pour le Saas devrait plut\u00f4t arriver \u00e0 partir de 2012.<\/p>\n<p style=\"text-align: justify;\">L\u2019informatique autour des terminaux mobiles explosent. Ces outils sont m\u00fbrs et enti\u00e8rement accept\u00e9s par<a href=\"https:\/\/i0.wp.com\/3org.com\/news\/wp-content\/uploads\/Mobile.jpg?ssl=1\"><img data-recalc-dims=\"1\" loading=\"lazy\" decoding=\"async\" style=\"background-image: none; border: 0px none; margin: 2px 0px 5px 10px; padding-left: 0px; padding-right: 0px; display: inline; float: right; padding-top: 0px;\" title=\"Mobile\" src=\"https:\/\/i0.wp.com\/3org.com\/news\/wp-content\/uploads\/Mobile_thumb.jpg?resize=109%2C135&#038;ssl=1\" alt=\"Mobile\" width=\"109\" height=\"135\" align=\"right\" border=\"0\" \/><\/a> l\u2019ensemble des utilisateurs. La <a title=\"Vive la r\u00e9volution ! \u2026 Informationnelle\" href=\"https:\/\/3org.com\/news\/gouvernance\/la-revolution-informationnelle-amene-l-information-intelligente-autonome\/\">barri\u00e8re professionnelle et personnelle n\u2019existe plus<\/a> (et cela est globalement accept\u00e9). Ces \u00ab\u00a0extensions de soi\u00a0\u00bb permettent une consommation r\u00e9guli\u00e8re de l\u2019information, et une perte de maitrise de l\u2019information tout aussi forte. Les catalogues d\u2019applications vont se d\u00e9velopper fortement, avec une potentielle d\u00e9multiplication <a href=\"http:\/\/en.wikipedia.org\/wiki\/Information_silo\">des silos d\u2019information<\/a> et un besoin encore plus fort de gouvernance de l\u2019information. De nouvelles formes de spam arrivent sur les mobiles, de part leurs associations fortement intimes avec leurs propri\u00e9taires. C\u2019est un outil 24h\/24h, que l\u2019on palpe, que l\u2019on regarde facilement plusieurs fois par jours, qui est personnalis\u00e9 \u00e0 ce que nous aimons, qui est aussi un outil de d\u00e9tente et souvent que l\u2019on a choisi, donc qui nous plait. Du coup c\u2019est un superbe moyen de contact marketing, et forc\u00e9ment une belle source de pollution.<\/p>\n<ul>\n<li style=\"text-align: justify;\"><strong>D\u00e9partement des Syst\u00e8mes d\u2019information et infrastructure t\u00e9l\u00e9com:<\/strong><\/li>\n<\/ul>\n<p style=\"text-align: justify;\"><a href=\"https:\/\/i0.wp.com\/3org.com\/news\/wp-content\/uploads\/objectif.jpg?ssl=1\"><img data-recalc-dims=\"1\" decoding=\"async\" style=\"background-image: none; border: 0px none; margin: 2px 10px 5px 0px; padding-left: 0px; width: 107px; padding-right: 0px; display: inline; float: left; height: 84px; padding-top: 0px;\" title=\"objectif\" src=\"https:\/\/i0.wp.com\/3org.com\/news\/wp-content\/uploads\/objectif_thumb.jpg?w=1080&#038;ssl=1\" alt=\"objectif\" align=\"left\" border=\"0\" \/><\/a>La connaissance des entreprises autour de la gestion de l\u2019information s\u2019accentue, le niveau de maturit\u00e9 pour les projets g\u00e9rant l\u2019information devient suffisant pour faciliter l\u2019adoption de solution de gestion d\u2019information, notamment la d\u00e9mat\u00e9rialisation, l\u2019archivage probant, le master Data Management, mais aussi des outils collaboratifs plus souples comme des r\u00e9seaux sociaux, ou les espaces de communaut\u00e9s. De nouveaux postes autour de l&rsquo;information (architecte de l\u2019information) vont \u00eatre cr\u00e9\u00e9s, et un investissement notable sera fait sur la formation et le changement en vue d\u2019accomplir la transformation de la DSI vers un offreur de service plus que d\u2019infrastructure..<\/p>\n<p style=\"text-align: justify;\">La gestion de l\u2019espace de stockage devient une priorit\u00e9 majeure pour les organisations. Le temps du \u201cl\u2019espace disque coute de moins en moins, profitons en\u201d devient obsol\u00e8te, tout simplement par le fait que le co\u00fbt de stockage de grand volume d\u2019information est inversement proportionnel au co\u00fbt de traitement de cette m\u00eame information. Des <strong>op\u00e9rations de nettoyage<\/strong> devraient s\u2019accentuer, quitte \u00e0 perdre des informations sensibles (l<strong>a peur de la perte devient moins forte face aux couts de gestion de l\u2019information<\/strong>). L\u00e0 encore la gouvernance de l\u2019information a toute sa l\u00e9gitimit\u00e9 pour aider \u00e0 ces optimisations de stockage, en fournissant les r\u00e9f\u00e9rentiels \u00e0 jour.<\/p>\n<p style=\"text-align: justify;\">L\u2019explosion de l\u2019usage des terminaux mobiles, va faire \u00e9voluer les infrastructures d\u2019\u00e9change de donn\u00e9es, ainsi que les offres des op\u00e9rateurs t\u00e9l\u00e9com. Ces derniers devraient faire \u00e9voluer leurs offres, moins sur les consommations, mais encore plus vers des services. Le business model devrait s\u2019accentuer vers une r\u00e9mun\u00e9ration <strong>B2C plut\u00f4t que C2C ou C2B<\/strong>. Le t\u00e9l\u00e9paiement devrait se g\u00e9n\u00e9raliser et la <strong>domotique <\/strong>(re)faire son entr\u00e9e par le mobile, avec une belle perspective de croissance.<\/p>\n<p style=\"text-align: justify;\"><em>Ce billet est r\u00e9alis\u00e9 en s&rsquo;appuyant sur les tendances affich\u00e9es autour de l&rsquo;ECM, la BI,, l&rsquo;AE, l&rsquo;Entreprise 2.0, les Saas, les T\u00e9l\u00e9communication, les aspects sociaux et culturels, le D\u00e9veloppement Durable, et surtout un feeling personnel essayant d&rsquo;avoir autant de bon sens que possible !. Ces \u00ab\u00a0pr\u00e9dictions\u00a0\u00bb sont une continuit\u00e9 des celles affich\u00e9es l&rsquo;ann\u00e9e derni\u00e8re : <a title=\"Maria Montessori, un lien avec l\u2019informatique ?\" href=\"https:\/\/3org.com\/news\/culture_et_usages\/maria-montessori-%e2%80%93-humm-il-y-a-t%e2%80%99il-un-lien-avec-l%e2%80%99informatique\/\">Information Management Prediction for 2010-2011<\/a>.<br \/>\n<\/em><\/p>\n<div class=\"wlWriterHeaderFooter\" style=\"margin: 0px; padding: 0px;\"><\/div>\n<p>&nbsp;<\/p>\n<p>&nbsp;<\/p>\n","protected":false},"excerpt":{"rendered":"<p>&nbsp; Que cela soit au niveau technique, m\u00e9tier ou organisationnel, plus on avance dans le temps, plus l\u2019information et ses usages deviennent un centre d\u2019int\u00e9r\u00eat majeur, plus il devient n\u00e9cessaire de monter les curseurs sur tout ce qui permet sa maitrise. Ces prochaines ann\u00e9es vont confirmer le passage de l\u2019\u00e8re du quantitatif \u00e0 l\u2019\u00e8re du [&hellip;]<\/p>\n","protected":false},"author":4,"featured_media":359,"comment_status":"open","ping_status":"closed","sticky":false,"template":"","format":"standard","meta":{"_et_pb_use_builder":"","_et_pb_old_content":"","_et_gb_content_width":"","jetpack_post_was_ever_published":false,"_jetpack_newsletter_access":"","_jetpack_dont_email_post_to_subs":false,"_jetpack_newsletter_tier_id":0,"_jetpack_memberships_contains_paywalled_content":false,"_jetpack_memberships_contains_paid_content":false,"footnotes":""},"categories":[57,63,67,74],"tags":[53,120,58,59,110,62,64,112,68,79,114,146,170,71,173],"class_list":["post-855","post","type-post","status-publish","format-standard","has-post-thumbnail","hentry","category-culture_et_usages","category-gouvernance_de_linformation","category-logiciel_et_materiel","category-services_de_gestion_information","tag-agilite","tag-changement","tag-departement-des-si","tag-ecm","tag-fondamentaux","tag-gestion-du-risque","tag-gouvernance-de-linformation","tag-information-2-0","tag-mdm","tag-nouvelles-technologies","tag-organisation-2-0","tag-politique-de-gestion-de-linformation","tag-reduction-des-couts","tag-reseaux-sociaux","tag-web-2-0"],"yoast_head":"<!-- This site is optimized with the Yoast SEO plugin v27.5 - https:\/\/yoast.com\/product\/yoast-seo-wordpress\/ -->\n<title>Gestion de l&#039;information et gouvernance de l\u2019information \u2013 Pr\u00e9dictions<\/title>\n<meta name=\"robots\" content=\"index, follow, max-snippet:-1, max-image-preview:large, max-video-preview:-1\" \/>\n<link rel=\"canonical\" href=\"https:\/\/3org.com\/site\/gestion-et-gouvernance-de-linformation-predictions-2011-2012\/\" \/>\n<meta property=\"og:locale\" content=\"fr_FR\" \/>\n<meta property=\"og:type\" content=\"article\" \/>\n<meta property=\"og:title\" content=\"Gestion de l&#039;information et gouvernance de l\u2019information \u2013 Pr\u00e9dictions\" \/>\n<meta property=\"og:description\" content=\"&nbsp; Que cela soit au niveau technique, m\u00e9tier ou organisationnel, plus on avance dans le temps, plus l\u2019information et ses usages deviennent un centre d\u2019int\u00e9r\u00eat majeur, plus il devient n\u00e9cessaire de monter les curseurs sur tout ce qui permet sa maitrise. Ces prochaines ann\u00e9es vont confirmer le passage de l\u2019\u00e8re du quantitatif \u00e0 l\u2019\u00e8re du [&hellip;]\" \/>\n<meta property=\"og:url\" content=\"https:\/\/3org.com\/site\/gestion-et-gouvernance-de-linformation-predictions-2011-2012\/\" \/>\n<meta property=\"og:site_name\" content=\"3org - Mentorat en gouvernance de l&#039;information\" \/>\n<meta property=\"article:published_time\" content=\"2010-12-31T22:01:22+00:00\" \/>\n<meta property=\"og:image\" content=\"https:\/\/3org.com\/site\/wp-content\/uploads\/2013\/01\/3org-gouvernance-de-linformation-OFFRE-2013-Conseil.png\" \/>\n\t<meta property=\"og:image:width\" content=\"768\" \/>\n\t<meta property=\"og:image:height\" content=\"284\" \/>\n\t<meta property=\"og:image:type\" content=\"image\/png\" \/>\n<meta name=\"author\" content=\"Jean-Pascal Perrein\" \/>\n<meta name=\"twitter:card\" content=\"summary_large_image\" \/>\n<meta name=\"twitter:label1\" content=\"\u00c9crit par\" \/>\n\t<meta name=\"twitter:data1\" content=\"Jean-Pascal Perrein\" \/>\n\t<meta name=\"twitter:label2\" content=\"Dur\u00e9e de lecture estim\u00e9e\" \/>\n\t<meta name=\"twitter:data2\" content=\"9 minutes\" \/>\n<script type=\"application\/ld+json\" class=\"yoast-schema-graph\">{\"@context\":\"https:\\\/\\\/schema.org\",\"@graph\":[{\"@type\":\"Article\",\"@id\":\"https:\\\/\\\/3org.com\\\/site\\\/gestion-et-gouvernance-de-linformation-predictions-2011-2012\\\/#article\",\"isPartOf\":{\"@id\":\"https:\\\/\\\/3org.com\\\/site\\\/gestion-et-gouvernance-de-linformation-predictions-2011-2012\\\/\"},\"author\":{\"name\":\"Jean-Pascal Perrein\",\"@id\":\"https:\\\/\\\/3org.com\\\/site\\\/#\\\/schema\\\/person\\\/56d9592478497c0aa430d9f866b0d3df\"},\"headline\":\"Pr\u00e9dictions 2011-2012 : Gestion et gouvernance de l\u2019information\",\"datePublished\":\"2010-12-31T22:01:22+00:00\",\"mainEntityOfPage\":{\"@id\":\"https:\\\/\\\/3org.com\\\/site\\\/gestion-et-gouvernance-de-linformation-predictions-2011-2012\\\/\"},\"wordCount\":1890,\"commentCount\":7,\"publisher\":{\"@id\":\"https:\\\/\\\/3org.com\\\/site\\\/#organization\"},\"image\":{\"@id\":\"https:\\\/\\\/3org.com\\\/site\\\/gestion-et-gouvernance-de-linformation-predictions-2011-2012\\\/#primaryimage\"},\"thumbnailUrl\":\"https:\\\/\\\/i0.wp.com\\\/3org.com\\\/site\\\/wp-content\\\/uploads\\\/2013\\\/01\\\/3org-gouvernance-de-linformation-OFFRE-2013-Conseil.png?fit=768%2C284&ssl=1\",\"keywords\":[\"Agilit\u00e9\",\"Conduite au changement\",\"D\u00e9partement des SI (DSI)\",\"ECM\",\"Fondamentaux\",\"Gestion du risque\",\"Gouvernance de l'information\",\"Information 2.0\",\"Master Data Management (MDM)\",\"nouvelles technologies\",\"organisation 2.0\",\"Politique de Gestion de l'Information\",\"r\u00e9duction des co\u00fbts\",\"R\u00e9seaux sociaux\",\"web 2.0\"],\"articleSection\":[\"Culture et Usages\",\"Gouvernance de l'information\",\"Logiciel et Mat\u00e9riel\",\"Services de gestion d'information\"],\"inLanguage\":\"fr-FR\",\"potentialAction\":[{\"@type\":\"CommentAction\",\"name\":\"Comment\",\"target\":[\"https:\\\/\\\/3org.com\\\/site\\\/gestion-et-gouvernance-de-linformation-predictions-2011-2012\\\/#respond\"]}]},{\"@type\":\"WebPage\",\"@id\":\"https:\\\/\\\/3org.com\\\/site\\\/gestion-et-gouvernance-de-linformation-predictions-2011-2012\\\/\",\"url\":\"https:\\\/\\\/3org.com\\\/site\\\/gestion-et-gouvernance-de-linformation-predictions-2011-2012\\\/\",\"name\":\"Gestion de l'information et gouvernance de l\u2019information \u2013 Pr\u00e9dictions\",\"isPartOf\":{\"@id\":\"https:\\\/\\\/3org.com\\\/site\\\/#website\"},\"primaryImageOfPage\":{\"@id\":\"https:\\\/\\\/3org.com\\\/site\\\/gestion-et-gouvernance-de-linformation-predictions-2011-2012\\\/#primaryimage\"},\"image\":{\"@id\":\"https:\\\/\\\/3org.com\\\/site\\\/gestion-et-gouvernance-de-linformation-predictions-2011-2012\\\/#primaryimage\"},\"thumbnailUrl\":\"https:\\\/\\\/i0.wp.com\\\/3org.com\\\/site\\\/wp-content\\\/uploads\\\/2013\\\/01\\\/3org-gouvernance-de-linformation-OFFRE-2013-Conseil.png?fit=768%2C284&ssl=1\",\"datePublished\":\"2010-12-31T22:01:22+00:00\",\"breadcrumb\":{\"@id\":\"https:\\\/\\\/3org.com\\\/site\\\/gestion-et-gouvernance-de-linformation-predictions-2011-2012\\\/#breadcrumb\"},\"inLanguage\":\"fr-FR\",\"potentialAction\":[{\"@type\":\"ReadAction\",\"target\":[\"https:\\\/\\\/3org.com\\\/site\\\/gestion-et-gouvernance-de-linformation-predictions-2011-2012\\\/\"]}]},{\"@type\":\"ImageObject\",\"inLanguage\":\"fr-FR\",\"@id\":\"https:\\\/\\\/3org.com\\\/site\\\/gestion-et-gouvernance-de-linformation-predictions-2011-2012\\\/#primaryimage\",\"url\":\"https:\\\/\\\/i0.wp.com\\\/3org.com\\\/site\\\/wp-content\\\/uploads\\\/2013\\\/01\\\/3org-gouvernance-de-linformation-OFFRE-2013-Conseil.png?fit=768%2C284&ssl=1\",\"contentUrl\":\"https:\\\/\\\/i0.wp.com\\\/3org.com\\\/site\\\/wp-content\\\/uploads\\\/2013\\\/01\\\/3org-gouvernance-de-linformation-OFFRE-2013-Conseil.png?fit=768%2C284&ssl=1\",\"width\":768,\"height\":284},{\"@type\":\"BreadcrumbList\",\"@id\":\"https:\\\/\\\/3org.com\\\/site\\\/gestion-et-gouvernance-de-linformation-predictions-2011-2012\\\/#breadcrumb\",\"itemListElement\":[{\"@type\":\"ListItem\",\"position\":1,\"name\":\"Accueil\",\"item\":\"https:\\\/\\\/3org.com\\\/site\\\/\"},{\"@type\":\"ListItem\",\"position\":2,\"name\":\"Pr\u00e9dictions 2011-2012 : Gestion et gouvernance de l\u2019information\"}]},{\"@type\":\"WebSite\",\"@id\":\"https:\\\/\\\/3org.com\\\/site\\\/#website\",\"url\":\"https:\\\/\\\/3org.com\\\/site\\\/\",\"name\":\"3org - Mentorat en gouvernance de l&#039;information\",\"description\":\"3org Conseil et mentorat en gestion du flux Information et gouvernance de l&#039;information\",\"publisher\":{\"@id\":\"https:\\\/\\\/3org.com\\\/site\\\/#organization\"},\"potentialAction\":[{\"@type\":\"SearchAction\",\"target\":{\"@type\":\"EntryPoint\",\"urlTemplate\":\"https:\\\/\\\/3org.com\\\/site\\\/?s={search_term_string}\"},\"query-input\":{\"@type\":\"PropertyValueSpecification\",\"valueRequired\":true,\"valueName\":\"search_term_string\"}}],\"inLanguage\":\"fr-FR\"},{\"@type\":\"Organization\",\"@id\":\"https:\\\/\\\/3org.com\\\/site\\\/#organization\",\"name\":\"3org\",\"url\":\"https:\\\/\\\/3org.com\\\/site\\\/\",\"logo\":{\"@type\":\"ImageObject\",\"inLanguage\":\"fr-FR\",\"@id\":\"https:\\\/\\\/3org.com\\\/site\\\/#\\\/schema\\\/logo\\\/image\\\/\",\"url\":\"https:\\\/\\\/i0.wp.com\\\/3org.com\\\/site\\\/wp-content\\\/uploads\\\/2015\\\/04\\\/Logo-3org-HR-Trans.png?fit=1172%2C459&ssl=1\",\"contentUrl\":\"https:\\\/\\\/i0.wp.com\\\/3org.com\\\/site\\\/wp-content\\\/uploads\\\/2015\\\/04\\\/Logo-3org-HR-Trans.png?fit=1172%2C459&ssl=1\",\"width\":1172,\"height\":459,\"caption\":\"3org\"},\"image\":{\"@id\":\"https:\\\/\\\/3org.com\\\/site\\\/#\\\/schema\\\/logo\\\/image\\\/\"}},{\"@type\":\"Person\",\"@id\":\"https:\\\/\\\/3org.com\\\/site\\\/#\\\/schema\\\/person\\\/56d9592478497c0aa430d9f866b0d3df\",\"name\":\"Jean-Pascal Perrein\",\"sameAs\":[\"http:\\\/\\\/www.3org.com\"],\"url\":\"https:\\\/\\\/3org.com\\\/site\\\/author\\\/admin\\\/\"}]}<\/script>\n<!-- \/ Yoast SEO plugin. -->","yoast_head_json":{"title":"Gestion de l'information et gouvernance de l\u2019information \u2013 Pr\u00e9dictions","robots":{"index":"index","follow":"follow","max-snippet":"max-snippet:-1","max-image-preview":"max-image-preview:large","max-video-preview":"max-video-preview:-1"},"canonical":"https:\/\/3org.com\/site\/gestion-et-gouvernance-de-linformation-predictions-2011-2012\/","og_locale":"fr_FR","og_type":"article","og_title":"Gestion de l'information et gouvernance de l\u2019information \u2013 Pr\u00e9dictions","og_description":"&nbsp; Que cela soit au niveau technique, m\u00e9tier ou organisationnel, plus on avance dans le temps, plus l\u2019information et ses usages deviennent un centre d\u2019int\u00e9r\u00eat majeur, plus il devient n\u00e9cessaire de monter les curseurs sur tout ce qui permet sa maitrise. Ces prochaines ann\u00e9es vont confirmer le passage de l\u2019\u00e8re du quantitatif \u00e0 l\u2019\u00e8re du [&hellip;]","og_url":"https:\/\/3org.com\/site\/gestion-et-gouvernance-de-linformation-predictions-2011-2012\/","og_site_name":"3org - Mentorat en gouvernance de l&#039;information","article_published_time":"2010-12-31T22:01:22+00:00","og_image":[{"width":768,"height":284,"url":"https:\/\/3org.com\/site\/wp-content\/uploads\/2013\/01\/3org-gouvernance-de-linformation-OFFRE-2013-Conseil.png","type":"image\/png"}],"author":"Jean-Pascal Perrein","twitter_card":"summary_large_image","twitter_misc":{"\u00c9crit par":"Jean-Pascal Perrein","Dur\u00e9e de lecture estim\u00e9e":"9 minutes"},"schema":{"@context":"https:\/\/schema.org","@graph":[{"@type":"Article","@id":"https:\/\/3org.com\/site\/gestion-et-gouvernance-de-linformation-predictions-2011-2012\/#article","isPartOf":{"@id":"https:\/\/3org.com\/site\/gestion-et-gouvernance-de-linformation-predictions-2011-2012\/"},"author":{"name":"Jean-Pascal Perrein","@id":"https:\/\/3org.com\/site\/#\/schema\/person\/56d9592478497c0aa430d9f866b0d3df"},"headline":"Pr\u00e9dictions 2011-2012 : Gestion et gouvernance de l\u2019information","datePublished":"2010-12-31T22:01:22+00:00","mainEntityOfPage":{"@id":"https:\/\/3org.com\/site\/gestion-et-gouvernance-de-linformation-predictions-2011-2012\/"},"wordCount":1890,"commentCount":7,"publisher":{"@id":"https:\/\/3org.com\/site\/#organization"},"image":{"@id":"https:\/\/3org.com\/site\/gestion-et-gouvernance-de-linformation-predictions-2011-2012\/#primaryimage"},"thumbnailUrl":"https:\/\/i0.wp.com\/3org.com\/site\/wp-content\/uploads\/2013\/01\/3org-gouvernance-de-linformation-OFFRE-2013-Conseil.png?fit=768%2C284&ssl=1","keywords":["Agilit\u00e9","Conduite au changement","D\u00e9partement des SI (DSI)","ECM","Fondamentaux","Gestion du risque","Gouvernance de l'information","Information 2.0","Master Data Management (MDM)","nouvelles technologies","organisation 2.0","Politique de Gestion de l'Information","r\u00e9duction des co\u00fbts","R\u00e9seaux sociaux","web 2.0"],"articleSection":["Culture et Usages","Gouvernance de l'information","Logiciel et Mat\u00e9riel","Services de gestion d'information"],"inLanguage":"fr-FR","potentialAction":[{"@type":"CommentAction","name":"Comment","target":["https:\/\/3org.com\/site\/gestion-et-gouvernance-de-linformation-predictions-2011-2012\/#respond"]}]},{"@type":"WebPage","@id":"https:\/\/3org.com\/site\/gestion-et-gouvernance-de-linformation-predictions-2011-2012\/","url":"https:\/\/3org.com\/site\/gestion-et-gouvernance-de-linformation-predictions-2011-2012\/","name":"Gestion de l'information et gouvernance de l\u2019information \u2013 Pr\u00e9dictions","isPartOf":{"@id":"https:\/\/3org.com\/site\/#website"},"primaryImageOfPage":{"@id":"https:\/\/3org.com\/site\/gestion-et-gouvernance-de-linformation-predictions-2011-2012\/#primaryimage"},"image":{"@id":"https:\/\/3org.com\/site\/gestion-et-gouvernance-de-linformation-predictions-2011-2012\/#primaryimage"},"thumbnailUrl":"https:\/\/i0.wp.com\/3org.com\/site\/wp-content\/uploads\/2013\/01\/3org-gouvernance-de-linformation-OFFRE-2013-Conseil.png?fit=768%2C284&ssl=1","datePublished":"2010-12-31T22:01:22+00:00","breadcrumb":{"@id":"https:\/\/3org.com\/site\/gestion-et-gouvernance-de-linformation-predictions-2011-2012\/#breadcrumb"},"inLanguage":"fr-FR","potentialAction":[{"@type":"ReadAction","target":["https:\/\/3org.com\/site\/gestion-et-gouvernance-de-linformation-predictions-2011-2012\/"]}]},{"@type":"ImageObject","inLanguage":"fr-FR","@id":"https:\/\/3org.com\/site\/gestion-et-gouvernance-de-linformation-predictions-2011-2012\/#primaryimage","url":"https:\/\/i0.wp.com\/3org.com\/site\/wp-content\/uploads\/2013\/01\/3org-gouvernance-de-linformation-OFFRE-2013-Conseil.png?fit=768%2C284&ssl=1","contentUrl":"https:\/\/i0.wp.com\/3org.com\/site\/wp-content\/uploads\/2013\/01\/3org-gouvernance-de-linformation-OFFRE-2013-Conseil.png?fit=768%2C284&ssl=1","width":768,"height":284},{"@type":"BreadcrumbList","@id":"https:\/\/3org.com\/site\/gestion-et-gouvernance-de-linformation-predictions-2011-2012\/#breadcrumb","itemListElement":[{"@type":"ListItem","position":1,"name":"Accueil","item":"https:\/\/3org.com\/site\/"},{"@type":"ListItem","position":2,"name":"Pr\u00e9dictions 2011-2012 : Gestion et gouvernance de l\u2019information"}]},{"@type":"WebSite","@id":"https:\/\/3org.com\/site\/#website","url":"https:\/\/3org.com\/site\/","name":"3org - Mentorat en gouvernance de l&#039;information","description":"3org Conseil et mentorat en gestion du flux Information et gouvernance de l&#039;information","publisher":{"@id":"https:\/\/3org.com\/site\/#organization"},"potentialAction":[{"@type":"SearchAction","target":{"@type":"EntryPoint","urlTemplate":"https:\/\/3org.com\/site\/?s={search_term_string}"},"query-input":{"@type":"PropertyValueSpecification","valueRequired":true,"valueName":"search_term_string"}}],"inLanguage":"fr-FR"},{"@type":"Organization","@id":"https:\/\/3org.com\/site\/#organization","name":"3org","url":"https:\/\/3org.com\/site\/","logo":{"@type":"ImageObject","inLanguage":"fr-FR","@id":"https:\/\/3org.com\/site\/#\/schema\/logo\/image\/","url":"https:\/\/i0.wp.com\/3org.com\/site\/wp-content\/uploads\/2015\/04\/Logo-3org-HR-Trans.png?fit=1172%2C459&ssl=1","contentUrl":"https:\/\/i0.wp.com\/3org.com\/site\/wp-content\/uploads\/2015\/04\/Logo-3org-HR-Trans.png?fit=1172%2C459&ssl=1","width":1172,"height":459,"caption":"3org"},"image":{"@id":"https:\/\/3org.com\/site\/#\/schema\/logo\/image\/"}},{"@type":"Person","@id":"https:\/\/3org.com\/site\/#\/schema\/person\/56d9592478497c0aa430d9f866b0d3df","name":"Jean-Pascal Perrein","sameAs":["http:\/\/www.3org.com"],"url":"https:\/\/3org.com\/site\/author\/admin\/"}]}},"jetpack_featured_media_url":"https:\/\/i0.wp.com\/3org.com\/site\/wp-content\/uploads\/2013\/01\/3org-gouvernance-de-linformation-OFFRE-2013-Conseil.png?fit=768%2C284&ssl=1","jetpack_shortlink":"https:\/\/wp.me\/p3WHv2-dN","jetpack_sharing_enabled":true,"_links":{"self":[{"href":"https:\/\/3org.com\/site\/wp-json\/wp\/v2\/posts\/855","targetHints":{"allow":["GET"]}}],"collection":[{"href":"https:\/\/3org.com\/site\/wp-json\/wp\/v2\/posts"}],"about":[{"href":"https:\/\/3org.com\/site\/wp-json\/wp\/v2\/types\/post"}],"author":[{"embeddable":true,"href":"https:\/\/3org.com\/site\/wp-json\/wp\/v2\/users\/4"}],"replies":[{"embeddable":true,"href":"https:\/\/3org.com\/site\/wp-json\/wp\/v2\/comments?post=855"}],"version-history":[{"count":0,"href":"https:\/\/3org.com\/site\/wp-json\/wp\/v2\/posts\/855\/revisions"}],"wp:featuredmedia":[{"embeddable":true,"href":"https:\/\/3org.com\/site\/wp-json\/wp\/v2\/media\/359"}],"wp:attachment":[{"href":"https:\/\/3org.com\/site\/wp-json\/wp\/v2\/media?parent=855"}],"wp:term":[{"taxonomy":"category","embeddable":true,"href":"https:\/\/3org.com\/site\/wp-json\/wp\/v2\/categories?post=855"},{"taxonomy":"post_tag","embeddable":true,"href":"https:\/\/3org.com\/site\/wp-json\/wp\/v2\/tags?post=855"}],"curies":[{"name":"wp","href":"https:\/\/api.w.org\/{rel}","templated":true}]}}